{"id":7934,"date":"2022-07-23T19:04:10","date_gmt":"2022-07-23T19:04:10","guid":{"rendered":"https:\/\/mentalfestivalen.se\/?p=7934"},"modified":"2022-07-23T19:04:12","modified_gmt":"2022-07-23T19:04:12","slug":"emma-gick-fran-arbetsmarknadsutbildning-till-anstallning","status":"publish","type":"post","link":"https:\/\/mentalfestivalen.se\/en\/emma-gick-fran-arbetsmarknadsutbildning-till-anstallning\/","title":{"rendered":"Emma gick fr\u00e5n arbetsmarknadsutbildning till anst\u00e4llning"},"content":{"rendered":"<p><strong>I det h\u00e4r avsnittet lyfter vi Emma som tidigare arbetat inom hotell och restaurang, men som till f\u00f6ljd av Covid19-pandemin blev arbetsl\u00f6s. Hon valde d\u00e5 att omskola sig till murare. Byggbranschen har ett stort anst\u00e4llningsbehov som ocks\u00e5 efterfr\u00e5gar fler kvinnliga medarbetare.<\/strong><\/p>\n\n\n\n<p><strong><em>Ber\u00e4tta, vem \u00e4r du?<\/em><\/strong>&nbsp;<\/p>\n\n\n\n<p>Mitt namn \u00e4r Emma Backman Eriksson, fyller 31 i sommar. Bor i Lerum utanf\u00f6r G\u00f6teborg ihop med min katt. Gillar att vara ute i naturen, bada i sj\u00f6n, tr\u00e4ffa v\u00e4nner och \u00e4ta gott.\u202f<\/p>\n\n\n\n<p><strong><em>Vad har du f\u00f6r yrkeserfarenhet?<\/em><\/strong>&nbsp;<\/p>\n\n\n\n<p>Jag har tidigare jobbat inom hotell\/restaurang. Allt fr\u00e5n servitris till receptionist.\u202f&nbsp;<\/p>\n\n\n\n<p><strong><em>Dela med dig av en h\u00e4ndelse som p\u00e5verkat dig som person och\/eller yrkesm\u00e4ssigt?<\/em><\/strong>&nbsp;<\/p>\n\n\n\n<p>Jag jobbade innan (min nuvarande utbildning) p\u00e5 Quality Hotel Panorama i G\u00f6teborg som nattreceptionist.\u202fJag blev arbetsl\u00f6s i och med &#8221;h\u00e4rliga&#8221; Covid19\u2026 Och d\u00e4rmed k\u00e4nde jag att det kanske var dags att efter 3 \u00e5r som nattis sadla om. &nbsp;<\/p>\n\n\n\n<p><strong><em>Under 2020 drabbades som sagt v\u00e4rlden av Covid19 &#8211; en global kris som ocks\u00e5 orsakade mass-arbetsl\u00f6shet. Under denna period kom du i kontakt med Lernia, ber\u00e4tta hur det gick till? <\/em><\/strong>&nbsp;<\/p>\n\n\n\n<p>En kompis och jag satt och pratade om vad jag skulle hoppa p\u00e5 f\u00f6r utbildning och hon f\u00f6reslog d\u00e5 murare. Jag har en barnslig sida och tycker om att bygga lego, ser det som n\u00e5got meditativt och har alltid gillat att jobba med kroppen. S\u00e5 ett mer fysiskt yrke d\u00e4r jag ocks\u00e5 kunde bygga med stora &#8221;lego klossar&#8221; skulle passa mig perfekt. Sen att muraryrket \u00e4r ett s\u00e5 pass gammalt yrke gjorde mig bara mer nyfiken, \u00e4lskar hantverket i det!\u202f&nbsp;<\/p>\n\n\n\n<p>S\u00e5 jag s\u00f6kte upp en yrkesinriktning inom <a href=\"https:\/\/www.lernia.se\/utbildning\/arbetsmarknadsutbildning\/bygg-och-anlaggning\/\">Bygg och Anl\u00e4ggning<\/a>&nbsp;och startade den 29e mars 2020.&nbsp;<\/p>\n\n\n\n<blockquote class=\"wp-block-quote is-layout-flow wp-block-quote-is-layout-flow\"><p>Jag har redan f\u00e5tt h\u00f6ra &#8221;skr\u00e4ckhistorier&#8221; om att vi kvinnor inte pallar med trycket och inte g\u00e5r klart hela l\u00e4rlingsprocessen\u2026 s\u00e5 d\u00e4r t\u00e4ndes en l\u00e5ga och ett j\u00e4vlaranamma om att jag minsann ska visa dem att jag klarar av det!<\/p><\/blockquote>\n\n\n\n<p><em><strong>Hur s\u00e5g en typisk studiedag ut?<\/strong>&nbsp;<\/em><\/p>\n\n\n\n<p>D\u00e5 det som sagt var Covid under tiden jag studerat s\u00e5 var det mesta digitalt hemifr\u00e5n. Jag fick l\u00e4gga upp mina studier i den takt jag sj\u00e4lv ville. Det tyckte jag var sk\u00f6nt, blev ingen on\u00f6dig stress. Det var \u00e4nnu roligare att sen komma in p\u00e5 skolan fysiskt och kunna m\u00f6ta klasskamrater som man bara sett p\u00e5 en liten bild p\u00e5 datorn. Det var ett sk\u00f6nt g\u00e4ng och vi hade ofta goa grillfredagar. Jag vill ocks\u00e5 ge en extra cred till Eddie, min murarl\u00e4rare, som jag l\u00e4rde mig s\u00e5 mycket av! Men ocks\u00e5 b\u00e4sta Ann, min l\u00e4rare som jag alltid kunde prata med om allt, go ladies s\u00e4ger jag bara! &nbsp;<\/p>\n\n\n\n<p><strong><em>Vad t\u00e4nker du om framtiden?&nbsp;<\/em><\/strong>&nbsp;<\/p>\n\n\n\n<p>Framtiden. Ja, jag kommer k\u00e4mpa p\u00e5 nu n\u00e4rmaste 32 m\u00e5naderna tills jag blir f\u00e4rdig murare och f\u00e5r mitt yrkesbevis. Jag har redan f\u00e5tt h\u00f6ra &#8221;skr\u00e4ckhistorier&#8221; om att vi kvinnor inte pallar med trycket och inte g\u00e5r klart hela l\u00e4rlingsprocessen\u2026 s\u00e5 d\u00e4r t\u00e4ndes en l\u00e5ga och ett j\u00e4vlaranamma om att jag minsann ska visa dem att jag klarar av det! Sen f\u00e5r framtiden g\u00e5 som den vill. Jag f\u00f6rs\u00f6ker leva dag f\u00f6r dag!&nbsp;&nbsp;<\/p>\n\n\n\n<p><strong><em>F\u00f6lj g\u00e4rna \u201dMurar Emma\u201d p\u00e5 hennes Instagram och ta del av hur hennes vardag kan se ut:<\/em><\/strong>&nbsp;<a href=\"https:\/\/www.instagram.com\/muraremma\/\">e m m a \u2640\ufe0f (@muraremma) \u2022 Foton och videoklipp p\u00e5 Instagram<\/a>&nbsp;<\/p>","protected":false},"excerpt":{"rendered":"<p>I det h\u00e4r avsnittet lyfter vi Emma som tidigare arbetat inom hotell och restaurang, men som till f\u00f6ljd av Covid19-pandemin blev arbetsl\u00f6s. Hon valde d\u00e5 att omskola sig till murare. Byggbranschen har ett stort anst\u00e4llningsbehov som ocks\u00e5 efterfr\u00e5gar fler kvinnliga medarbetare. Ber\u00e4tta, vem \u00e4r du?&nbsp; Mitt namn \u00e4r Emma Backman Eriksson, fyller 31 i sommar. [&hellip;]<\/p>\n","protected":false},"author":8,"featured_media":7937,"comment_status":"open","ping_status":"closed","sticky":false,"template":"","format":"standard","meta":{"_acf_changed":false,"site-sidebar-layout":"default","site-content-layout":"","ast-site-content-layout":"default","site-content-style":"default","site-sidebar-style":"default","ast-global-header-display":"","ast-banner-title-visibility":"","ast-main-header-display":"","ast-hfb-above-header-display":"","ast-hfb-below-header-display":"","ast-hfb-mobile-header-display":"","site-post-title":"","ast-breadcrumbs-content":"","ast-featured-img":"","footer-sml-layout":"","ast-disable-related-posts":"","theme-transparent-header-meta":"","adv-header-id-meta":"","stick-header-meta":"","header-above-stick-meta":"","header-main-stick-meta":"","header-below-stick-meta":"","astra-migrate-meta-layouts":"default","ast-page-background-enabled":"default","ast-page-background-meta":{"desktop":{"background-color":"","background-image":"","background-repeat":"repeat","background-position":"center center","background-size":"auto","background-attachment":"scroll","background-type":"","background-media":"","overlay-type":"","overlay-color":"","overlay-opacity":"","overlay-gradient":""},"tablet":{"background-color":"","background-image":"","background-repeat":"repeat","background-position":"center center","background-size":"auto","background-attachment":"scroll","background-type":"","background-media":"","overlay-type":"","overlay-color":"","overlay-opacity":"","overlay-gradient":""},"mobile":{"background-color":"","background-image":"","background-repeat":"repeat","background-position":"center center","background-size":"auto","background-attachment":"scroll","background-type":"","background-media":"","overlay-type":"","overlay-color":"","overlay-opacity":"","overlay-gradient":""}},"ast-content-background-meta":{"desktop":{"background-color":"var(--ast-global-color-5)","background-image":"","background-repeat":"repeat","background-position":"center center","background-size":"auto","background-attachment":"scroll","background-type":"","background-media":"","overlay-type":"","overlay-color":"","overlay-opacity":"","overlay-gradient":""},"tablet":{"background-color":"var(--ast-global-color-5)","background-image":"","background-repeat":"repeat","background-position":"center center","background-size":"auto","background-attachment":"scroll","background-type":"","background-media":"","overlay-type":"","overlay-color":"","overlay-opacity":"","overlay-gradient":""},"mobile":{"background-color":"var(--ast-global-color-5)","background-image":"","background-repeat":"repeat","background-position":"center center","background-size":"auto","background-attachment":"scroll","background-type":"","background-media":"","overlay-type":"","overlay-color":"","overlay-opacity":"","overlay-gradient":""}},"footnotes":""},"categories":[43],"tags":[],"class_list":["post-7934","post","type-post","status-publish","format-standard","has-post-thumbnail","hentry","category-solskenshistorier"],"acf":[],"yoast_head":"<!-- This site is optimized with the Yoast SEO plugin v27.5 - https:\/\/yoast.com\/product\/yoast-seo-wordpress\/ -->\n<title>Emma gick fr\u00e5n arbetsmarknadsutbildning till anst\u00e4llning - Mentalfestivalen<\/title>\n<meta name=\"robots\" content=\"index, follow, max-snippet:-1, max-image-preview:large, max-video-preview:-1\" \/>\n<link rel=\"canonical\" href=\"https:\/\/mentalfestivalen.se\/en\/emma-gick-fran-arbetsmarknadsutbildning-till-anstallning\/\" \/>\n<meta property=\"og:locale\" content=\"en_GB\" \/>\n<meta property=\"og:type\" content=\"article\" \/>\n<meta property=\"og:title\" content=\"Emma gick fr\u00e5n arbetsmarknadsutbildning till anst\u00e4llning - Mentalfestivalen\" \/>\n<meta property=\"og:description\" content=\"I det h\u00e4r avsnittet lyfter vi Emma som tidigare arbetat inom hotell och restaurang, men som till f\u00f6ljd av Covid19-pandemin blev arbetsl\u00f6s. Hon valde d\u00e5 att omskola sig till murare. Byggbranschen har ett stort anst\u00e4llningsbehov som ocks\u00e5 efterfr\u00e5gar fler kvinnliga medarbetare. Ber\u00e4tta, vem \u00e4r du?&nbsp; Mitt namn \u00e4r Emma Backman Eriksson, fyller 31 i sommar. [&hellip;]\" \/>\n<meta property=\"og:url\" content=\"https:\/\/mentalfestivalen.se\/en\/emma-gick-fran-arbetsmarknadsutbildning-till-anstallning\/\" \/>\n<meta property=\"og:site_name\" content=\"Mentalfestivalen\" \/>\n<meta property=\"article:published_time\" content=\"2022-07-23T19:04:10+00:00\" \/>\n<meta property=\"article:modified_time\" content=\"2022-07-23T19:04:12+00:00\" \/>\n<meta property=\"og:image\" content=\"https:\/\/mentalfestivalen.se\/wp-content\/uploads\/2022\/07\/emma-lernia.jpg\" \/>\n\t<meta property=\"og:image:width\" content=\"1024\" \/>\n\t<meta property=\"og:image:height\" content=\"645\" \/>\n\t<meta property=\"og:image:type\" content=\"image\/jpeg\" \/>\n<meta name=\"author\" content=\"Mats Wernheim\" \/>\n<meta name=\"twitter:card\" content=\"summary_large_image\" \/>\n<meta name=\"twitter:label1\" content=\"Written by\" \/>\n\t<meta name=\"twitter:data1\" content=\"Mats Wernheim\" \/>\n\t<meta name=\"twitter:label2\" content=\"Estimated reading time\" \/>\n\t<meta name=\"twitter:data2\" content=\"3 minutes\" \/>\n<script type=\"application\/ld+json\" class=\"yoast-schema-graph\">{\"@context\":\"https:\\\/\\\/schema.org\",\"@graph\":[{\"@type\":\"Article\",\"@id\":\"https:\\\/\\\/mentalfestivalen.se\\\/emma-gick-fran-arbetsmarknadsutbildning-till-anstallning\\\/#article\",\"isPartOf\":{\"@id\":\"https:\\\/\\\/mentalfestivalen.se\\\/emma-gick-fran-arbetsmarknadsutbildning-till-anstallning\\\/\"},\"author\":{\"name\":\"Mats Wernheim\",\"@id\":\"https:\\\/\\\/mentalfestivalen.se\\\/#\\\/schema\\\/person\\\/fd3aa9db8400922d5c75a9dc444153ba\"},\"headline\":\"Emma gick fr\u00e5n arbetsmarknadsutbildning till anst\u00e4llning\",\"datePublished\":\"2022-07-23T19:04:10+00:00\",\"dateModified\":\"2022-07-23T19:04:12+00:00\",\"mainEntityOfPage\":{\"@id\":\"https:\\\/\\\/mentalfestivalen.se\\\/emma-gick-fran-arbetsmarknadsutbildning-till-anstallning\\\/\"},\"wordCount\":629,\"commentCount\":0,\"image\":{\"@id\":\"https:\\\/\\\/mentalfestivalen.se\\\/emma-gick-fran-arbetsmarknadsutbildning-till-anstallning\\\/#primaryimage\"},\"thumbnailUrl\":\"https:\\\/\\\/mentalfestivalen.se\\\/wp-content\\\/uploads\\\/2022\\\/07\\\/emma-lernia.jpg\",\"articleSection\":[\"Solskenshistorier\"],\"inLanguage\":\"en-GB\",\"potentialAction\":[{\"@type\":\"CommentAction\",\"name\":\"Comment\",\"target\":[\"https:\\\/\\\/mentalfestivalen.se\\\/emma-gick-fran-arbetsmarknadsutbildning-till-anstallning\\\/#respond\"]}]},{\"@type\":\"WebPage\",\"@id\":\"https:\\\/\\\/mentalfestivalen.se\\\/emma-gick-fran-arbetsmarknadsutbildning-till-anstallning\\\/\",\"url\":\"https:\\\/\\\/mentalfestivalen.se\\\/emma-gick-fran-arbetsmarknadsutbildning-till-anstallning\\\/\",\"name\":\"Emma gick fr\u00e5n arbetsmarknadsutbildning till anst\u00e4llning - Mentalfestivalen\",\"isPartOf\":{\"@id\":\"https:\\\/\\\/mentalfestivalen.se\\\/#website\"},\"primaryImageOfPage\":{\"@id\":\"https:\\\/\\\/mentalfestivalen.se\\\/emma-gick-fran-arbetsmarknadsutbildning-till-anstallning\\\/#primaryimage\"},\"image\":{\"@id\":\"https:\\\/\\\/mentalfestivalen.se\\\/emma-gick-fran-arbetsmarknadsutbildning-till-anstallning\\\/#primaryimage\"},\"thumbnailUrl\":\"https:\\\/\\\/mentalfestivalen.se\\\/wp-content\\\/uploads\\\/2022\\\/07\\\/emma-lernia.jpg\",\"datePublished\":\"2022-07-23T19:04:10+00:00\",\"dateModified\":\"2022-07-23T19:04:12+00:00\",\"author\":{\"@id\":\"https:\\\/\\\/mentalfestivalen.se\\\/#\\\/schema\\\/person\\\/fd3aa9db8400922d5c75a9dc444153ba\"},\"breadcrumb\":{\"@id\":\"https:\\\/\\\/mentalfestivalen.se\\\/emma-gick-fran-arbetsmarknadsutbildning-till-anstallning\\\/#breadcrumb\"},\"inLanguage\":\"en-GB\",\"potentialAction\":[{\"@type\":\"ReadAction\",\"target\":[\"https:\\\/\\\/mentalfestivalen.se\\\/emma-gick-fran-arbetsmarknadsutbildning-till-anstallning\\\/\"]}]},{\"@type\":\"ImageObject\",\"inLanguage\":\"en-GB\",\"@id\":\"https:\\\/\\\/mentalfestivalen.se\\\/emma-gick-fran-arbetsmarknadsutbildning-till-anstallning\\\/#primaryimage\",\"url\":\"https:\\\/\\\/mentalfestivalen.se\\\/wp-content\\\/uploads\\\/2022\\\/07\\\/emma-lernia.jpg\",\"contentUrl\":\"https:\\\/\\\/mentalfestivalen.se\\\/wp-content\\\/uploads\\\/2022\\\/07\\\/emma-lernia.jpg\",\"width\":1024,\"height\":645},{\"@type\":\"BreadcrumbList\",\"@id\":\"https:\\\/\\\/mentalfestivalen.se\\\/emma-gick-fran-arbetsmarknadsutbildning-till-anstallning\\\/#breadcrumb\",\"itemListElement\":[{\"@type\":\"ListItem\",\"position\":1,\"name\":\"Hem\",\"item\":\"https:\\\/\\\/mentalfestivalen.se\\\/\"},{\"@type\":\"ListItem\",\"position\":2,\"name\":\"Emma gick fr\u00e5n arbetsmarknadsutbildning till anst\u00e4llning\"}]},{\"@type\":\"WebSite\",\"@id\":\"https:\\\/\\\/mentalfestivalen.se\\\/#website\",\"url\":\"https:\\\/\\\/mentalfestivalen.se\\\/\",\"name\":\"Mentalfestivalen\",\"description\":\"Mentalfestivalen\",\"potentialAction\":[{\"@type\":\"SearchAction\",\"target\":{\"@type\":\"EntryPoint\",\"urlTemplate\":\"https:\\\/\\\/mentalfestivalen.se\\\/?s={search_term_string}\"},\"query-input\":{\"@type\":\"PropertyValueSpecification\",\"valueRequired\":true,\"valueName\":\"search_term_string\"}}],\"inLanguage\":\"en-GB\"},{\"@type\":\"Person\",\"@id\":\"https:\\\/\\\/mentalfestivalen.se\\\/#\\\/schema\\\/person\\\/fd3aa9db8400922d5c75a9dc444153ba\",\"name\":\"Mats Wernheim\",\"image\":{\"@type\":\"ImageObject\",\"inLanguage\":\"en-GB\",\"@id\":\"https:\\\/\\\/secure.gravatar.com\\\/avatar\\\/9109ed7993734bce8a4fd7ce45fd76ee8608790e024ae80ea4a7ddd09e3af807?s=96&d=mm&r=g\",\"url\":\"https:\\\/\\\/secure.gravatar.com\\\/avatar\\\/9109ed7993734bce8a4fd7ce45fd76ee8608790e024ae80ea4a7ddd09e3af807?s=96&d=mm&r=g\",\"contentUrl\":\"https:\\\/\\\/secure.gravatar.com\\\/avatar\\\/9109ed7993734bce8a4fd7ce45fd76ee8608790e024ae80ea4a7ddd09e3af807?s=96&d=mm&r=g\",\"caption\":\"Mats Wernheim\"},\"url\":\"https:\\\/\\\/mentalfestivalen.se\\\/en\\\/author\\\/mats-wernheimvile-se\\\/\"}]}<\/script>\n<!-- \/ Yoast SEO plugin. -->","yoast_head_json":{"title":"Emma gick fr\u00e5n arbetsmarknadsutbildning till anst\u00e4llning - Mentalfestivalen","robots":{"index":"index","follow":"follow","max-snippet":"max-snippet:-1","max-image-preview":"max-image-preview:large","max-video-preview":"max-video-preview:-1"},"canonical":"https:\/\/mentalfestivalen.se\/en\/emma-gick-fran-arbetsmarknadsutbildning-till-anstallning\/","og_locale":"en_GB","og_type":"article","og_title":"Emma gick fr\u00e5n arbetsmarknadsutbildning till anst\u00e4llning - Mentalfestivalen","og_description":"I det h\u00e4r avsnittet lyfter vi Emma som tidigare arbetat inom hotell och restaurang, men som till f\u00f6ljd av Covid19-pandemin blev arbetsl\u00f6s. Hon valde d\u00e5 att omskola sig till murare. Byggbranschen har ett stort anst\u00e4llningsbehov som ocks\u00e5 efterfr\u00e5gar fler kvinnliga medarbetare. Ber\u00e4tta, vem \u00e4r du?&nbsp; Mitt namn \u00e4r Emma Backman Eriksson, fyller 31 i sommar. [&hellip;]","og_url":"https:\/\/mentalfestivalen.se\/en\/emma-gick-fran-arbetsmarknadsutbildning-till-anstallning\/","og_site_name":"Mentalfestivalen","article_published_time":"2022-07-23T19:04:10+00:00","article_modified_time":"2022-07-23T19:04:12+00:00","og_image":[{"width":1024,"height":645,"url":"https:\/\/mentalfestivalen.se\/wp-content\/uploads\/2022\/07\/emma-lernia.jpg","type":"image\/jpeg"}],"author":"Mats Wernheim","twitter_card":"summary_large_image","twitter_misc":{"Written by":"Mats Wernheim","Estimated reading time":"3 minutes"},"schema":{"@context":"https:\/\/schema.org","@graph":[{"@type":"Article","@id":"https:\/\/mentalfestivalen.se\/emma-gick-fran-arbetsmarknadsutbildning-till-anstallning\/#article","isPartOf":{"@id":"https:\/\/mentalfestivalen.se\/emma-gick-fran-arbetsmarknadsutbildning-till-anstallning\/"},"author":{"name":"Mats Wernheim","@id":"https:\/\/mentalfestivalen.se\/#\/schema\/person\/fd3aa9db8400922d5c75a9dc444153ba"},"headline":"Emma gick fr\u00e5n arbetsmarknadsutbildning till anst\u00e4llning","datePublished":"2022-07-23T19:04:10+00:00","dateModified":"2022-07-23T19:04:12+00:00","mainEntityOfPage":{"@id":"https:\/\/mentalfestivalen.se\/emma-gick-fran-arbetsmarknadsutbildning-till-anstallning\/"},"wordCount":629,"commentCount":0,"image":{"@id":"https:\/\/mentalfestivalen.se\/emma-gick-fran-arbetsmarknadsutbildning-till-anstallning\/#primaryimage"},"thumbnailUrl":"https:\/\/mentalfestivalen.se\/wp-content\/uploads\/2022\/07\/emma-lernia.jpg","articleSection":["Solskenshistorier"],"inLanguage":"en-GB","potentialAction":[{"@type":"CommentAction","name":"Comment","target":["https:\/\/mentalfestivalen.se\/emma-gick-fran-arbetsmarknadsutbildning-till-anstallning\/#respond"]}]},{"@type":"WebPage","@id":"https:\/\/mentalfestivalen.se\/emma-gick-fran-arbetsmarknadsutbildning-till-anstallning\/","url":"https:\/\/mentalfestivalen.se\/emma-gick-fran-arbetsmarknadsutbildning-till-anstallning\/","name":"Emma gick fr\u00e5n arbetsmarknadsutbildning till anst\u00e4llning - Mentalfestivalen","isPartOf":{"@id":"https:\/\/mentalfestivalen.se\/#website"},"primaryImageOfPage":{"@id":"https:\/\/mentalfestivalen.se\/emma-gick-fran-arbetsmarknadsutbildning-till-anstallning\/#primaryimage"},"image":{"@id":"https:\/\/mentalfestivalen.se\/emma-gick-fran-arbetsmarknadsutbildning-till-anstallning\/#primaryimage"},"thumbnailUrl":"https:\/\/mentalfestivalen.se\/wp-content\/uploads\/2022\/07\/emma-lernia.jpg","datePublished":"2022-07-23T19:04:10+00:00","dateModified":"2022-07-23T19:04:12+00:00","author":{"@id":"https:\/\/mentalfestivalen.se\/#\/schema\/person\/fd3aa9db8400922d5c75a9dc444153ba"},"breadcrumb":{"@id":"https:\/\/mentalfestivalen.se\/emma-gick-fran-arbetsmarknadsutbildning-till-anstallning\/#breadcrumb"},"inLanguage":"en-GB","potentialAction":[{"@type":"ReadAction","target":["https:\/\/mentalfestivalen.se\/emma-gick-fran-arbetsmarknadsutbildning-till-anstallning\/"]}]},{"@type":"ImageObject","inLanguage":"en-GB","@id":"https:\/\/mentalfestivalen.se\/emma-gick-fran-arbetsmarknadsutbildning-till-anstallning\/#primaryimage","url":"https:\/\/mentalfestivalen.se\/wp-content\/uploads\/2022\/07\/emma-lernia.jpg","contentUrl":"https:\/\/mentalfestivalen.se\/wp-content\/uploads\/2022\/07\/emma-lernia.jpg","width":1024,"height":645},{"@type":"BreadcrumbList","@id":"https:\/\/mentalfestivalen.se\/emma-gick-fran-arbetsmarknadsutbildning-till-anstallning\/#breadcrumb","itemListElement":[{"@type":"ListItem","position":1,"name":"Hem","item":"https:\/\/mentalfestivalen.se\/"},{"@type":"ListItem","position":2,"name":"Emma gick fr\u00e5n arbetsmarknadsutbildning till anst\u00e4llning"}]},{"@type":"WebSite","@id":"https:\/\/mentalfestivalen.se\/#website","url":"https:\/\/mentalfestivalen.se\/","name":"Mentalfestivalen","description":"Mentalfestivalen","potentialAction":[{"@type":"SearchAction","target":{"@type":"EntryPoint","urlTemplate":"https:\/\/mentalfestivalen.se\/?s={search_term_string}"},"query-input":{"@type":"PropertyValueSpecification","valueRequired":true,"valueName":"search_term_string"}}],"inLanguage":"en-GB"},{"@type":"Person","@id":"https:\/\/mentalfestivalen.se\/#\/schema\/person\/fd3aa9db8400922d5c75a9dc444153ba","name":"Mats Wernheim","image":{"@type":"ImageObject","inLanguage":"en-GB","@id":"https:\/\/secure.gravatar.com\/avatar\/9109ed7993734bce8a4fd7ce45fd76ee8608790e024ae80ea4a7ddd09e3af807?s=96&d=mm&r=g","url":"https:\/\/secure.gravatar.com\/avatar\/9109ed7993734bce8a4fd7ce45fd76ee8608790e024ae80ea4a7ddd09e3af807?s=96&d=mm&r=g","contentUrl":"https:\/\/secure.gravatar.com\/avatar\/9109ed7993734bce8a4fd7ce45fd76ee8608790e024ae80ea4a7ddd09e3af807?s=96&d=mm&r=g","caption":"Mats Wernheim"},"url":"https:\/\/mentalfestivalen.se\/en\/author\/mats-wernheimvile-se\/"}]}},"_links":{"self":[{"href":"https:\/\/mentalfestivalen.se\/en\/wp-json\/wp\/v2\/posts\/7934","targetHints":{"allow":["GET"]}}],"collection":[{"href":"https:\/\/mentalfestivalen.se\/en\/wp-json\/wp\/v2\/posts"}],"about":[{"href":"https:\/\/mentalfestivalen.se\/en\/wp-json\/wp\/v2\/types\/post"}],"author":[{"embeddable":true,"href":"https:\/\/mentalfestivalen.se\/en\/wp-json\/wp\/v2\/users\/8"}],"replies":[{"embeddable":true,"href":"https:\/\/mentalfestivalen.se\/en\/wp-json\/wp\/v2\/comments?post=7934"}],"version-history":[{"count":0,"href":"https:\/\/mentalfestivalen.se\/en\/wp-json\/wp\/v2\/posts\/7934\/revisions"}],"wp:featuredmedia":[{"embeddable":true,"href":"https:\/\/mentalfestivalen.se\/en\/wp-json\/wp\/v2\/media\/7937"}],"wp:attachment":[{"href":"https:\/\/mentalfestivalen.se\/en\/wp-json\/wp\/v2\/media?parent=7934"}],"wp:term":[{"taxonomy":"category","embeddable":true,"href":"https:\/\/mentalfestivalen.se\/en\/wp-json\/wp\/v2\/categories?post=7934"},{"taxonomy":"post_tag","embeddable":true,"href":"https:\/\/mentalfestivalen.se\/en\/wp-json\/wp\/v2\/tags?post=7934"}],"curies":[{"name":"wp","href":"https:\/\/api.w.org\/{rel}","templated":true}]}}