{"id":394,"date":"2020-02-05T10:00:00","date_gmt":"2020-02-05T10:00:00","guid":{"rendered":"https:\/\/mentalfestivalen.se\/?p=394"},"modified":"2022-03-10T10:05:38","modified_gmt":"2022-03-10T10:05:38","slug":"temat-pa-festivalen-ar-mangfald","status":"publish","type":"post","link":"https:\/\/mentalfestivalen.se\/en\/temat-pa-festivalen-ar-mangfald\/","title":{"rendered":"The theme of the festival is diversity and I have a very simple explanation for that"},"content":{"rendered":"<div data-elementor-type=\"wp-post\" data-elementor-id=\"394\" class=\"elementor elementor-394\" data-elementor-post-type=\"post\">\n\t\t\t\t\t\t<section class=\"elementor-section elementor-top-section elementor-element elementor-element-5b30958 elementor-section-boxed elementor-section-height-default elementor-section-height-default\" data-id=\"5b30958\" data-element_type=\"section\" data-e-type=\"section\">\n\t\t\t\t\t\t<div class=\"elementor-container elementor-column-gap-default\">\n\t\t\t\t\t<div class=\"elementor-column elementor-col-100 elementor-top-column elementor-element elementor-element-ae4a629\" data-id=\"ae4a629\" data-element_type=\"column\" data-e-type=\"column\">\n\t\t\t<div class=\"elementor-widget-wrap elementor-element-populated\">\n\t\t\t\t\t\t<div class=\"elementor-element elementor-element-b50e028 elementor-widget elementor-widget-text-editor\" data-id=\"b50e028\" data-element_type=\"widget\" data-e-type=\"widget\" data-widget_type=\"text-editor.default\">\n\t\t\t\t<div class=\"elementor-widget-container\">\n\t\t\t\t\t\t\t\t\t<p><strong>Who doesn't remember their first job? Or the first time you really started looking for a new direction in your career? Or why not<\/strong> <b>all the times during job interviews you were asked to answer the question \"Why are you looking here?\". Our memories of recruiting are something that goes with us throughout our lives and our jobs are usually the place where we spend almost all of our waking time.<\/b><\/p><p>So can anyone answer the question: Why should recruitment be so incredibly complicated? There are good career platforms, fair tests and really good recruits. Digitization has created smart tools that are available online for both job seekers and workers. They have been created, among other things, to streamline and bring supply and demand closer together, candidates can find jobs and recruiters can find candidates.<\/p><p>You no longer have to search the newspaper for job ads, but a quick googling of the jobs you are interested in is enough. Recruiters can search databases and find people on both LinkedIn, Facebook and other social networks. Although the technology is available and even though there is good research along with a high level of knowledge, matching does not work in the labor market. <br \/>If you are looking for a job, you usually need to have lots of college credits, preferably have had the same job you are applying for and almost always even your high school diploma play a role. You have to fill in all your information time and time again as soon as you apply and who in the world came up with the incredibly bad invention \u201dpersonal letter\u201d?<\/p><p>We do not have a flexible labor market even though we could have it. Unfortunately, there are only some people who can easily change jobs and only some people who are really in demand. In my opinion, workers and employers have fallen too far apart and one often makes mistakes. People are complaining about it and the effect is a labor market designed for a few, which is directly discriminatory.\u00a0<\/p><p>But do you know what? There are plenty of really good alternatives that work for real, which is why I have taken the initiative for the job festival \u2013 a meeting place for everyone, whether you are an employer, candidate, recruiter, a person in the middle of your career or if you are just thinking about which workspace suits you best.\u00a0<\/p><p>Den\u00a0 6e september \u00e4r du v\u00e4lkommen att bes\u00f6ka Jobbfestivalen i Kungstr\u00e4dg\u00e5rden i Stockholm. Du kommer att f\u00e5 tr\u00e4ffa arbetsgivare, rekryterare, prova innovativa karri\u00e4rplattformar och f\u00e5 inspiration om hur du n\u00e5r ditt dr\u00f6mjobb (eller kanske till och med f\u00e5r en anst\u00e4llning direkt).\u00a0<\/p><p>The theme of the festival is diversity and I have a very simple explanation for that. Diversity really means variation and in recruitment it translates into assessing what really matters and being able to take advantage of people\u2019s differences in employment. It is also the very purpose of this meeting place, namely that potential becomes the guiding star. Whatever name you have, where you come from, or what high school you went to \u2013 it shouldn\u2019t matter at all.\u00a0<\/p><p>I haven\u2019t even finished high school myself and I have zero college credits. Instead I chose to start my first company when I was 17 years old, then I toured around as a sound engineer and tour leader for 13 years until I started recruiting in my own companies that I have since sold, I have also founded a company that develops recruitment systems \u2013 well I am the original type of what an entrepreneur is.\u00a0<span style=\"font-size: 15px;\">Since then, I have worked with matching, recruiting and digitization for over 30 years. I have recruited thousands of people, met endlessly many employers, recruiters, researchers and experts.\u00a0<\/span><\/p><p>I know that a labor market exists for everyone, where digitalization becomes available in real time and where diversity is utilized. It is possible!<\/p><p><b>See you at Kungstr\u00e4dg\u00e5rden!<\/b><\/p>\t\t\t\t\t\t\t\t<\/div>\n\t\t\t\t<\/div>\n\t\t\t\t\t<\/div>\n\t\t<\/div>\n\t\t\t\t\t<\/div>\n\t\t<\/section>\n\t\t\t\t<\/div>","protected":false},"excerpt":{"rendered":"<p>Who doesn't remember their first job? Or the first time you really started looking for a new direction in your career? Or why not all the times during job interviews you got the question \"Why are you looking for a job here?\".  <\/p>","protected":false},"author":8,"featured_media":854,"comment_status":"open","ping_status":"closed","sticky":false,"template":"","format":"standard","meta":{"_acf_changed":false,"site-sidebar-layout":"default","site-content-layout":"default","ast-site-content-layout":"default","site-content-style":"default","site-sidebar-style":"default","ast-global-header-display":"","ast-banner-title-visibility":"","ast-main-header-display":"","ast-hfb-above-header-display":"","ast-hfb-below-header-display":"","ast-hfb-mobile-header-display":"","site-post-title":"","ast-breadcrumbs-content":"","ast-featured-img":"","footer-sml-layout":"","ast-disable-related-posts":"","theme-transparent-header-meta":"default","adv-header-id-meta":"","stick-header-meta":"default","header-above-stick-meta":"","header-main-stick-meta":"","header-below-stick-meta":"","astra-migrate-meta-layouts":"default","ast-page-background-enabled":"default","ast-page-background-meta":{"desktop":{"background-color":"","background-image":"","background-repeat":"repeat","background-position":"center center","background-size":"auto","background-attachment":"scroll","background-type":"","background-media":"","overlay-type":"","overlay-color":"","overlay-opacity":"","overlay-gradient":""},"tablet":{"background-color":"","background-image":"","background-repeat":"repeat","background-position":"center center","background-size":"auto","background-attachment":"scroll","background-type":"","background-media":"","overlay-type":"","overlay-color":"","overlay-opacity":"","overlay-gradient":""},"mobile":{"background-color":"","background-image":"","background-repeat":"repeat","background-position":"center center","background-size":"auto","background-attachment":"scroll","background-type":"","background-media":"","overlay-type":"","overlay-color":"","overlay-opacity":"","overlay-gradient":""}},"ast-content-background-meta":{"desktop":{"background-color":"var(--ast-global-color-5)","background-image":"","background-repeat":"repeat","background-position":"center center","background-size":"auto","background-attachment":"scroll","background-type":"","background-media":"","overlay-type":"","overlay-color":"","overlay-opacity":"","overlay-gradient":""},"tablet":{"background-color":"var(--ast-global-color-5)","background-image":"","background-repeat":"repeat","background-position":"center center","background-size":"auto","background-attachment":"scroll","background-type":"","background-media":"","overlay-type":"","overlay-color":"","overlay-opacity":"","overlay-gradient":""},"mobile":{"background-color":"var(--ast-global-color-5)","background-image":"","background-repeat":"repeat","background-position":"center center","background-size":"auto","background-attachment":"scroll","background-type":"","background-media":"","overlay-type":"","overlay-color":"","overlay-opacity":"","overlay-gradient":""}},"footnotes":""},"categories":[10],"tags":[],"class_list":["post-394","post","type-post","status-publish","format-standard","has-post-thumbnail","hentry","category-nyheter"],"acf":[],"yoast_head":"<!-- This site is optimized with the Yoast SEO plugin v27.5 - https:\/\/yoast.com\/product\/yoast-seo-wordpress\/ -->\n<title>Temat p\u00e5 festivalen \u00e4r m\u00e5ngfald och jag har en v\u00e4ldigt enkel f\u00f6rklaring till det - Mentalfestivalen<\/title>\n<meta name=\"robots\" content=\"index, follow, max-snippet:-1, max-image-preview:large, max-video-preview:-1\" \/>\n<link rel=\"canonical\" href=\"https:\/\/mentalfestivalen.se\/en\/temat-pa-festivalen-ar-mangfald\/\" \/>\n<meta property=\"og:locale\" content=\"en_GB\" \/>\n<meta property=\"og:type\" content=\"article\" \/>\n<meta property=\"og:title\" content=\"Temat p\u00e5 festivalen \u00e4r m\u00e5ngfald och jag har en v\u00e4ldigt enkel f\u00f6rklaring till det - Mentalfestivalen\" \/>\n<meta property=\"og:description\" content=\"Vem kommer inte ih\u00e5g sitt f\u00f6rsta jobb? Eller f\u00f6rsta g\u00e5ngen man p\u00e5 riktigt b\u00f6rjade se sig om efter en ny riktning i sin karri\u00e4r? Eller varf\u00f6r inte alla dom g\u00e5nger man p\u00e5 arbetsintervjuer f\u00e5tt besvara fr\u00e5gan \u201dVarf\u00f6r s\u00f6ker du hit?\u201d.\" \/>\n<meta property=\"og:url\" content=\"https:\/\/mentalfestivalen.se\/en\/temat-pa-festivalen-ar-mangfald\/\" \/>\n<meta property=\"og:site_name\" content=\"Mentalfestivalen\" \/>\n<meta property=\"article:published_time\" content=\"2020-02-05T10:00:00+00:00\" \/>\n<meta property=\"article:modified_time\" content=\"2022-03-10T10:05:38+00:00\" \/>\n<meta property=\"og:image\" content=\"https:\/\/mentalfestivalen.se\/wp-content\/uploads\/2020\/02\/Dro\u0308narbild-fixad.jpeg\" \/>\n\t<meta property=\"og:image:width\" content=\"1395\" \/>\n\t<meta property=\"og:image:height\" content=\"1451\" \/>\n\t<meta property=\"og:image:type\" content=\"image\/jpeg\" \/>\n<meta name=\"author\" content=\"Mats Wernheim\" \/>\n<meta name=\"twitter:card\" content=\"summary_large_image\" \/>\n<meta name=\"twitter:label1\" content=\"Written by\" \/>\n\t<meta name=\"twitter:data1\" content=\"Mats Wernheim\" \/>\n\t<meta name=\"twitter:label2\" content=\"Estimated reading time\" \/>\n\t<meta name=\"twitter:data2\" content=\"4 minutes\" \/>\n<script type=\"application\/ld+json\" class=\"yoast-schema-graph\">{\"@context\":\"https:\\\/\\\/schema.org\",\"@graph\":[{\"@type\":\"Article\",\"@id\":\"https:\\\/\\\/mentalfestivalen.se\\\/en\\\/temat-pa-festivalen-ar-mangfald\\\/#article\",\"isPartOf\":{\"@id\":\"https:\\\/\\\/mentalfestivalen.se\\\/en\\\/temat-pa-festivalen-ar-mangfald\\\/\"},\"author\":{\"name\":\"Mats Wernheim\",\"@id\":\"https:\\\/\\\/mentalfestivalen.se\\\/#\\\/schema\\\/person\\\/fd3aa9db8400922d5c75a9dc444153ba\"},\"headline\":\"Temat p\u00e5 festivalen \u00e4r m\u00e5ngfald och jag har en v\u00e4ldigt enkel f\u00f6rklaring till det\",\"datePublished\":\"2020-02-05T10:00:00+00:00\",\"dateModified\":\"2022-03-10T10:05:38+00:00\",\"mainEntityOfPage\":{\"@id\":\"https:\\\/\\\/mentalfestivalen.se\\\/en\\\/temat-pa-festivalen-ar-mangfald\\\/\"},\"wordCount\":752,\"commentCount\":0,\"image\":{\"@id\":\"https:\\\/\\\/mentalfestivalen.se\\\/en\\\/temat-pa-festivalen-ar-mangfald\\\/#primaryimage\"},\"thumbnailUrl\":\"https:\\\/\\\/mentalfestivalen.se\\\/wp-content\\\/uploads\\\/2020\\\/02\\\/Dro\u0308narbild-fixad.jpeg\",\"articleSection\":[\"Nyheter\"],\"inLanguage\":\"en-GB\",\"potentialAction\":[{\"@type\":\"CommentAction\",\"name\":\"Comment\",\"target\":[\"https:\\\/\\\/mentalfestivalen.se\\\/en\\\/temat-pa-festivalen-ar-mangfald\\\/#respond\"]}]},{\"@type\":\"WebPage\",\"@id\":\"https:\\\/\\\/mentalfestivalen.se\\\/en\\\/temat-pa-festivalen-ar-mangfald\\\/\",\"url\":\"https:\\\/\\\/mentalfestivalen.se\\\/en\\\/temat-pa-festivalen-ar-mangfald\\\/\",\"name\":\"Temat p\u00e5 festivalen \u00e4r m\u00e5ngfald och jag har en v\u00e4ldigt enkel f\u00f6rklaring till det - Mentalfestivalen\",\"isPartOf\":{\"@id\":\"https:\\\/\\\/mentalfestivalen.se\\\/#website\"},\"primaryImageOfPage\":{\"@id\":\"https:\\\/\\\/mentalfestivalen.se\\\/en\\\/temat-pa-festivalen-ar-mangfald\\\/#primaryimage\"},\"image\":{\"@id\":\"https:\\\/\\\/mentalfestivalen.se\\\/en\\\/temat-pa-festivalen-ar-mangfald\\\/#primaryimage\"},\"thumbnailUrl\":\"https:\\\/\\\/mentalfestivalen.se\\\/wp-content\\\/uploads\\\/2020\\\/02\\\/Dro\u0308narbild-fixad.jpeg\",\"datePublished\":\"2020-02-05T10:00:00+00:00\",\"dateModified\":\"2022-03-10T10:05:38+00:00\",\"author\":{\"@id\":\"https:\\\/\\\/mentalfestivalen.se\\\/#\\\/schema\\\/person\\\/fd3aa9db8400922d5c75a9dc444153ba\"},\"breadcrumb\":{\"@id\":\"https:\\\/\\\/mentalfestivalen.se\\\/en\\\/temat-pa-festivalen-ar-mangfald\\\/#breadcrumb\"},\"inLanguage\":\"en-GB\",\"potentialAction\":[{\"@type\":\"ReadAction\",\"target\":[\"https:\\\/\\\/mentalfestivalen.se\\\/en\\\/temat-pa-festivalen-ar-mangfald\\\/\"]}]},{\"@type\":\"ImageObject\",\"inLanguage\":\"en-GB\",\"@id\":\"https:\\\/\\\/mentalfestivalen.se\\\/en\\\/temat-pa-festivalen-ar-mangfald\\\/#primaryimage\",\"url\":\"https:\\\/\\\/mentalfestivalen.se\\\/wp-content\\\/uploads\\\/2020\\\/02\\\/Dro\u0308narbild-fixad.jpeg\",\"contentUrl\":\"https:\\\/\\\/mentalfestivalen.se\\\/wp-content\\\/uploads\\\/2020\\\/02\\\/Dro\u0308narbild-fixad.jpeg\",\"width\":1395,\"height\":1451},{\"@type\":\"BreadcrumbList\",\"@id\":\"https:\\\/\\\/mentalfestivalen.se\\\/en\\\/temat-pa-festivalen-ar-mangfald\\\/#breadcrumb\",\"itemListElement\":[{\"@type\":\"ListItem\",\"position\":1,\"name\":\"Hem\",\"item\":\"https:\\\/\\\/mentalfestivalen.se\\\/\"},{\"@type\":\"ListItem\",\"position\":2,\"name\":\"Temat p\u00e5 festivalen \u00e4r m\u00e5ngfald och jag har en v\u00e4ldigt enkel f\u00f6rklaring till det\"}]},{\"@type\":\"WebSite\",\"@id\":\"https:\\\/\\\/mentalfestivalen.se\\\/#website\",\"url\":\"https:\\\/\\\/mentalfestivalen.se\\\/\",\"name\":\"Mentalfestivalen\",\"description\":\"Mentalfestivalen\",\"potentialAction\":[{\"@type\":\"SearchAction\",\"target\":{\"@type\":\"EntryPoint\",\"urlTemplate\":\"https:\\\/\\\/mentalfestivalen.se\\\/?s={search_term_string}\"},\"query-input\":{\"@type\":\"PropertyValueSpecification\",\"valueRequired\":true,\"valueName\":\"search_term_string\"}}],\"inLanguage\":\"en-GB\"},{\"@type\":\"Person\",\"@id\":\"https:\\\/\\\/mentalfestivalen.se\\\/#\\\/schema\\\/person\\\/fd3aa9db8400922d5c75a9dc444153ba\",\"name\":\"Mats Wernheim\",\"image\":{\"@type\":\"ImageObject\",\"inLanguage\":\"en-GB\",\"@id\":\"https:\\\/\\\/secure.gravatar.com\\\/avatar\\\/9109ed7993734bce8a4fd7ce45fd76ee8608790e024ae80ea4a7ddd09e3af807?s=96&d=mm&r=g\",\"url\":\"https:\\\/\\\/secure.gravatar.com\\\/avatar\\\/9109ed7993734bce8a4fd7ce45fd76ee8608790e024ae80ea4a7ddd09e3af807?s=96&d=mm&r=g\",\"contentUrl\":\"https:\\\/\\\/secure.gravatar.com\\\/avatar\\\/9109ed7993734bce8a4fd7ce45fd76ee8608790e024ae80ea4a7ddd09e3af807?s=96&d=mm&r=g\",\"caption\":\"Mats Wernheim\"},\"url\":\"https:\\\/\\\/mentalfestivalen.se\\\/en\\\/author\\\/mats-wernheimvile-se\\\/\"}]}<\/script>\n<!-- \/ Yoast SEO plugin. -->","yoast_head_json":{"title":"Temat p\u00e5 festivalen \u00e4r m\u00e5ngfald och jag har en v\u00e4ldigt enkel f\u00f6rklaring till det - Mentalfestivalen","robots":{"index":"index","follow":"follow","max-snippet":"max-snippet:-1","max-image-preview":"max-image-preview:large","max-video-preview":"max-video-preview:-1"},"canonical":"https:\/\/mentalfestivalen.se\/en\/temat-pa-festivalen-ar-mangfald\/","og_locale":"en_GB","og_type":"article","og_title":"Temat p\u00e5 festivalen \u00e4r m\u00e5ngfald och jag har en v\u00e4ldigt enkel f\u00f6rklaring till det - Mentalfestivalen","og_description":"Vem kommer inte ih\u00e5g sitt f\u00f6rsta jobb? Eller f\u00f6rsta g\u00e5ngen man p\u00e5 riktigt b\u00f6rjade se sig om efter en ny riktning i sin karri\u00e4r? Eller varf\u00f6r inte alla dom g\u00e5nger man p\u00e5 arbetsintervjuer f\u00e5tt besvara fr\u00e5gan \u201dVarf\u00f6r s\u00f6ker du hit?\u201d.","og_url":"https:\/\/mentalfestivalen.se\/en\/temat-pa-festivalen-ar-mangfald\/","og_site_name":"Mentalfestivalen","article_published_time":"2020-02-05T10:00:00+00:00","article_modified_time":"2022-03-10T10:05:38+00:00","og_image":[{"width":1395,"height":1451,"url":"https:\/\/mentalfestivalen.se\/wp-content\/uploads\/2020\/02\/Dro\u0308narbild-fixad.jpeg","type":"image\/jpeg"}],"author":"Mats Wernheim","twitter_card":"summary_large_image","twitter_misc":{"Written by":"Mats Wernheim","Estimated reading time":"4 minutes"},"schema":{"@context":"https:\/\/schema.org","@graph":[{"@type":"Article","@id":"https:\/\/mentalfestivalen.se\/en\/temat-pa-festivalen-ar-mangfald\/#article","isPartOf":{"@id":"https:\/\/mentalfestivalen.se\/en\/temat-pa-festivalen-ar-mangfald\/"},"author":{"name":"Mats Wernheim","@id":"https:\/\/mentalfestivalen.se\/#\/schema\/person\/fd3aa9db8400922d5c75a9dc444153ba"},"headline":"Temat p\u00e5 festivalen \u00e4r m\u00e5ngfald och jag har en v\u00e4ldigt enkel f\u00f6rklaring till det","datePublished":"2020-02-05T10:00:00+00:00","dateModified":"2022-03-10T10:05:38+00:00","mainEntityOfPage":{"@id":"https:\/\/mentalfestivalen.se\/en\/temat-pa-festivalen-ar-mangfald\/"},"wordCount":752,"commentCount":0,"image":{"@id":"https:\/\/mentalfestivalen.se\/en\/temat-pa-festivalen-ar-mangfald\/#primaryimage"},"thumbnailUrl":"https:\/\/mentalfestivalen.se\/wp-content\/uploads\/2020\/02\/Dro\u0308narbild-fixad.jpeg","articleSection":["Nyheter"],"inLanguage":"en-GB","potentialAction":[{"@type":"CommentAction","name":"Comment","target":["https:\/\/mentalfestivalen.se\/en\/temat-pa-festivalen-ar-mangfald\/#respond"]}]},{"@type":"WebPage","@id":"https:\/\/mentalfestivalen.se\/en\/temat-pa-festivalen-ar-mangfald\/","url":"https:\/\/mentalfestivalen.se\/en\/temat-pa-festivalen-ar-mangfald\/","name":"Temat p\u00e5 festivalen \u00e4r m\u00e5ngfald och jag har en v\u00e4ldigt enkel f\u00f6rklaring till det - Mentalfestivalen","isPartOf":{"@id":"https:\/\/mentalfestivalen.se\/#website"},"primaryImageOfPage":{"@id":"https:\/\/mentalfestivalen.se\/en\/temat-pa-festivalen-ar-mangfald\/#primaryimage"},"image":{"@id":"https:\/\/mentalfestivalen.se\/en\/temat-pa-festivalen-ar-mangfald\/#primaryimage"},"thumbnailUrl":"https:\/\/mentalfestivalen.se\/wp-content\/uploads\/2020\/02\/Dro\u0308narbild-fixad.jpeg","datePublished":"2020-02-05T10:00:00+00:00","dateModified":"2022-03-10T10:05:38+00:00","author":{"@id":"https:\/\/mentalfestivalen.se\/#\/schema\/person\/fd3aa9db8400922d5c75a9dc444153ba"},"breadcrumb":{"@id":"https:\/\/mentalfestivalen.se\/en\/temat-pa-festivalen-ar-mangfald\/#breadcrumb"},"inLanguage":"en-GB","potentialAction":[{"@type":"ReadAction","target":["https:\/\/mentalfestivalen.se\/en\/temat-pa-festivalen-ar-mangfald\/"]}]},{"@type":"ImageObject","inLanguage":"en-GB","@id":"https:\/\/mentalfestivalen.se\/en\/temat-pa-festivalen-ar-mangfald\/#primaryimage","url":"https:\/\/mentalfestivalen.se\/wp-content\/uploads\/2020\/02\/Dro\u0308narbild-fixad.jpeg","contentUrl":"https:\/\/mentalfestivalen.se\/wp-content\/uploads\/2020\/02\/Dro\u0308narbild-fixad.jpeg","width":1395,"height":1451},{"@type":"BreadcrumbList","@id":"https:\/\/mentalfestivalen.se\/en\/temat-pa-festivalen-ar-mangfald\/#breadcrumb","itemListElement":[{"@type":"ListItem","position":1,"name":"Hem","item":"https:\/\/mentalfestivalen.se\/"},{"@type":"ListItem","position":2,"name":"Temat p\u00e5 festivalen \u00e4r m\u00e5ngfald och jag har en v\u00e4ldigt enkel f\u00f6rklaring till det"}]},{"@type":"WebSite","@id":"https:\/\/mentalfestivalen.se\/#website","url":"https:\/\/mentalfestivalen.se\/","name":"Mentalfestivalen","description":"Mentalfestivalen","potentialAction":[{"@type":"SearchAction","target":{"@type":"EntryPoint","urlTemplate":"https:\/\/mentalfestivalen.se\/?s={search_term_string}"},"query-input":{"@type":"PropertyValueSpecification","valueRequired":true,"valueName":"search_term_string"}}],"inLanguage":"en-GB"},{"@type":"Person","@id":"https:\/\/mentalfestivalen.se\/#\/schema\/person\/fd3aa9db8400922d5c75a9dc444153ba","name":"Mats Wernheim","image":{"@type":"ImageObject","inLanguage":"en-GB","@id":"https:\/\/secure.gravatar.com\/avatar\/9109ed7993734bce8a4fd7ce45fd76ee8608790e024ae80ea4a7ddd09e3af807?s=96&d=mm&r=g","url":"https:\/\/secure.gravatar.com\/avatar\/9109ed7993734bce8a4fd7ce45fd76ee8608790e024ae80ea4a7ddd09e3af807?s=96&d=mm&r=g","contentUrl":"https:\/\/secure.gravatar.com\/avatar\/9109ed7993734bce8a4fd7ce45fd76ee8608790e024ae80ea4a7ddd09e3af807?s=96&d=mm&r=g","caption":"Mats Wernheim"},"url":"https:\/\/mentalfestivalen.se\/en\/author\/mats-wernheimvile-se\/"}]}},"_links":{"self":[{"href":"https:\/\/mentalfestivalen.se\/en\/wp-json\/wp\/v2\/posts\/394","targetHints":{"allow":["GET"]}}],"collection":[{"href":"https:\/\/mentalfestivalen.se\/en\/wp-json\/wp\/v2\/posts"}],"about":[{"href":"https:\/\/mentalfestivalen.se\/en\/wp-json\/wp\/v2\/types\/post"}],"author":[{"embeddable":true,"href":"https:\/\/mentalfestivalen.se\/en\/wp-json\/wp\/v2\/users\/8"}],"replies":[{"embeddable":true,"href":"https:\/\/mentalfestivalen.se\/en\/wp-json\/wp\/v2\/comments?post=394"}],"version-history":[{"count":0,"href":"https:\/\/mentalfestivalen.se\/en\/wp-json\/wp\/v2\/posts\/394\/revisions"}],"wp:featuredmedia":[{"embeddable":true,"href":"https:\/\/mentalfestivalen.se\/en\/wp-json\/wp\/v2\/media\/854"}],"wp:attachment":[{"href":"https:\/\/mentalfestivalen.se\/en\/wp-json\/wp\/v2\/media?parent=394"}],"wp:term":[{"taxonomy":"category","embeddable":true,"href":"https:\/\/mentalfestivalen.se\/en\/wp-json\/wp\/v2\/categories?post=394"},{"taxonomy":"post_tag","embeddable":true,"href":"https:\/\/mentalfestivalen.se\/en\/wp-json\/wp\/v2\/tags?post=394"}],"curies":[{"name":"wp","href":"https:\/\/api.w.org\/{rel}","templated":true}]}}