{"id":2978,"date":"2022-04-08T09:24:14","date_gmt":"2022-04-08T09:24:14","guid":{"rendered":"https:\/\/mentalfestivalen.se\/?p=2978"},"modified":"2022-04-08T09:31:14","modified_gmt":"2022-04-08T09:31:14","slug":"rusta-och-matcha-ar-en-tjanst-dar-arbetsformedlingen-tillsammans-med-fristaende-aktorer-hjalper-arbetssokande-att-komma-ut-i-arbete","status":"publish","type":"post","link":"https:\/\/mentalfestivalen.se\/en\/rusta-och-matcha-ar-en-tjanst-dar-arbetsformedlingen-tillsammans-med-fristaende-aktorer-hjalper-arbetssokande-att-komma-ut-i-arbete\/","title":{"rendered":"Rusta och matcha \u00e4r en tj\u00e4nst d\u00e4r Arbetsf\u00f6rmedlingen tillsammans med frist\u00e5ende akt\u00f6rer hj\u00e4lper arbetss\u00f6kande att komma ut i arbete."},"content":{"rendered":"\t\t<div data-elementor-type=\"wp-post\" data-elementor-id=\"2978\" class=\"elementor elementor-2978\" data-elementor-post-type=\"post\">\n\t\t\t\t\t\t<section class=\"elementor-section elementor-top-section elementor-element elementor-element-4f147436 elementor-section-boxed elementor-section-height-default elementor-section-height-default\" data-id=\"4f147436\" data-element_type=\"section\" data-e-type=\"section\">\n\t\t\t\t\t\t<div class=\"elementor-container elementor-column-gap-default\">\n\t\t\t\t\t<div class=\"elementor-column elementor-col-100 elementor-top-column elementor-element elementor-element-4f2f83e8\" data-id=\"4f2f83e8\" data-element_type=\"column\" data-e-type=\"column\">\n\t\t\t<div class=\"elementor-widget-wrap elementor-element-populated\">\n\t\t\t\t\t\t<div class=\"elementor-element elementor-element-d99fec1 elementor-widget elementor-widget-image\" data-id=\"d99fec1\" data-element_type=\"widget\" data-e-type=\"widget\" data-widget_type=\"image.default\">\n\t\t\t\t<div class=\"elementor-widget-container\">\n\t\t\t\t\t\t\t\t\t\t\t\t\t\t\t<img fetchpriority=\"high\" decoding=\"async\" width=\"1024\" height=\"538\" src=\"https:\/\/mentalfestivalen.se\/wp-content\/uploads\/2022\/04\/Elias-1024x538.png\" class=\"attachment-large size-large wp-image-2979\" alt=\"\" srcset=\"https:\/\/mentalfestivalen.se\/wp-content\/uploads\/2022\/04\/Elias-1024x538.png 1024w, https:\/\/mentalfestivalen.se\/wp-content\/uploads\/2022\/04\/Elias-300x158.png 300w, https:\/\/mentalfestivalen.se\/wp-content\/uploads\/2022\/04\/Elias-768x403.png 768w, https:\/\/mentalfestivalen.se\/wp-content\/uploads\/2022\/04\/Elias-1536x806.png 1536w, https:\/\/mentalfestivalen.se\/wp-content\/uploads\/2022\/04\/Elias-18x9.png 18w, https:\/\/mentalfestivalen.se\/wp-content\/uploads\/2022\/04\/Elias.png 1800w\" sizes=\"(max-width: 1024px) 100vw, 1024px\" \/>\t\t\t\t\t\t\t\t\t\t\t\t\t\t\t<\/div>\n\t\t\t\t<\/div>\n\t\t\t\t<div class=\"elementor-element elementor-element-36f13d6e elementor-widget elementor-widget-spacer\" data-id=\"36f13d6e\" data-element_type=\"widget\" data-e-type=\"widget\" data-widget_type=\"spacer.default\">\n\t\t\t\t<div class=\"elementor-widget-container\">\n\t\t\t\t\t\t\t<div class=\"elementor-spacer\">\n\t\t\t<div class=\"elementor-spacer-inner\"><\/div>\n\t\t<\/div>\n\t\t\t\t\t\t<\/div>\n\t\t\t\t<\/div>\n\t\t\t\t\t<\/div>\n\t\t<\/div>\n\t\t\t\t\t<\/div>\n\t\t<\/section>\n\t\t\t\t<section class=\"elementor-section elementor-top-section elementor-element elementor-element-3a968741 elementor-section-boxed elementor-section-height-default elementor-section-height-default\" data-id=\"3a968741\" data-element_type=\"section\" data-e-type=\"section\">\n\t\t\t\t\t\t<div class=\"elementor-container elementor-column-gap-default\">\n\t\t\t\t\t<div class=\"elementor-column elementor-col-100 elementor-top-column elementor-element elementor-element-790d5690\" data-id=\"790d5690\" data-element_type=\"column\" data-e-type=\"column\">\n\t\t\t<div class=\"elementor-widget-wrap elementor-element-populated\">\n\t\t\t\t\t\t<div class=\"elementor-element elementor-element-37c80094 elementor-align-left elementor-widget elementor-widget-post-info\" data-id=\"37c80094\" data-element_type=\"widget\" data-e-type=\"widget\" data-widget_type=\"post-info.default\">\n\t\t\t\t<div class=\"elementor-widget-container\">\n\t\t\t\t\t\t\t<ul class=\"elementor-inline-items elementor-icon-list-items elementor-post-info\">\n\t\t\t\t\t\t\t\t<li class=\"elementor-icon-list-item elementor-repeater-item-8b25022 elementor-inline-item\" itemprop=\"datePublished\">\n\t\t\t\t\t\t<a href=\"https:\/\/mentalfestivalen.se\/en\/2022\/04\/08\/\">\n\t\t\t\t\t\t\t\t\t\t\t<span class=\"elementor-icon-list-icon\">\n\t\t\t\t\t\t\t\t<i aria-hidden=\"true\" class=\"fas fa-calendar\"><\/i>\t\t\t\t\t\t\t<\/span>\n\t\t\t\t\t\t\t\t\t<span class=\"elementor-icon-list-text elementor-post-info__item elementor-post-info__item--type-date\">\n\t\t\t\t\t\t\t<span class=\"elementor-post-info__item-prefix\">Publicerad<\/span>\n\t\t\t\t\t\t\t\t\t\t<time>8 April, 2022<\/time>\t\t\t\t\t<\/span>\n\t\t\t\t\t\t\t\t\t<\/a>\n\t\t\t\t<\/li>\n\t\t\t\t<\/ul>\n\t\t\t\t\t\t<\/div>\n\t\t\t\t<\/div>\n\t\t\t\t<div class=\"elementor-element elementor-element-511a21e2 elementor-invisible elementor-widget elementor-widget-heading\" data-id=\"511a21e2\" data-element_type=\"widget\" data-e-type=\"widget\" data-settings=\"{&quot;_animation&quot;:&quot;fadeIn&quot;}\" data-widget_type=\"heading.default\">\n\t\t\t\t<div class=\"elementor-widget-container\">\n\t\t\t\t\t<h2 class=\"elementor-heading-title elementor-size-default\">Rusta och matcha \u00e4r en tj\u00e4nst d\u00e4r Arbetsf\u00f6rmedlingen tillsammans med frist\u00e5ende akt\u00f6rer hj\u00e4lper arbetss\u00f6kande att komma ut i arbete.<\/h2>\t\t\t\t<\/div>\n\t\t\t\t<\/div>\n\t\t\t\t<div class=\"elementor-element elementor-element-76a98e1f elementor-widget elementor-widget-text-editor\" data-id=\"76a98e1f\" data-element_type=\"widget\" data-e-type=\"widget\" data-widget_type=\"text-editor.default\">\n\t\t\t\t<div class=\"elementor-widget-container\">\n\t\t\t\t\t\t\t\t\t<p><b>F\u00f6r en tid sedan <a href=\"https:\/\/www.curonova.se\/jobbnytt-bloggpost\/rusta-och-matcha-deltagare-hos-curonova-har-fatt-jobb-2\" target=\"_blank\" rel=\"noopener\">skrev vi en solskenshistoria om Elias,<\/a> som med hj\u00e4lp av sin Matchare Urban fick kontakt med en f\u00f6retagare i Falun som hade behov av personal. Efter en kortare praktik gick det snabbt innan Elias var anst\u00e4lld med ett st\u00f6rre ansvar \u00f6ver butiken, och han var s\u00e5klart v\u00e4ldigt glad \u00f6ver sitt nyfunna jobb.<\/b><\/p>\n<p>En viktig del av v\u00e5rt arbete p\u00e5 Curonova \u00e4r att f\u00f6lja upp p\u00e5 de deltagare vi hj\u00e4lper till jobb f\u00f6r att se om v\u00e5r matchning var lyckad. Det \u00e4r viktigt att v\u00e5ra deltagare trivs med sina nya jobb och k\u00e4nner att de hittat r\u00e4tt, och vi forts\u00e4tter d\u00e4rf\u00f6r v\u00e5rt engagemang \u00e4ven bortom anst\u00e4llning.<\/p>\n<p>Nu har vi haft n\u00f6jet att f\u00e5 prata med Elias igen s\u00e5 h\u00e4r n\u00e5gra m\u00e5nader senare, och det \u00e4r sp\u00e4nnande att f\u00e5 f\u00f6lja upp p\u00e5 hur det har g\u00e5tt f\u00f6r honom efter sin vistelse hos oss p\u00e5 Curonova. Vi tog tillf\u00e4llet i akt att st\u00e4lla n\u00e5gra fr\u00e5gor.<\/p>\n<p>\u200d\u200d<b>Hur har det g\u00e5tt sedan sist?\u200d<br \/><\/b>\u201dSedan den senaste intervjun g\u00e4llande min anst\u00e4llning hos Berge\u00e5 kem och vattentv\u00e4tt har det g\u00e5tt alldeles utm\u00e4rkt! Allt flyter p\u00e5 som det ska, jag l\u00e4r mig nya saker och har \u00e4ven f\u00e5tt nya ansvarsomr\u00e5den i butiken.\u201d<\/p>\n<p><b>Hur ser en vanlig arbetsdag ut?\u200d<\/b><br\/>\u201dEn vanlig arbetsdag f\u00f6r mig b\u00f6rjar med att jag kommer till butiken vid 10, d\u00e5 jag snabbt s\u00e4tter p\u00e5 mig f\u00f6rkl\u00e4det f\u00f6r att borsta och ta bort fl\u00e4ckar fr\u00e5n skjortor som kunder l\u00e4mnat in. Vid 12:00 \u00f6ppnar jag butiken och sl\u00e5r in kassan, och d\u00e4refter tar jag hand om de skjortor jag fl\u00e4ckbehandlat och tv\u00e4ttat. Vid 18:00 l\u00e5ser jag d\u00f6rren och sl\u00e5r ur kassan f\u00f6r att sedan bege mig hem\u00e5t.\u201d<\/p>\n<p><b>Hur var det att vara ny p\u00e5 en arbetsplats?\u200d<\/b><br \/>\u201dF\u00f6r mig som ny p\u00e5 arbetsplatsen har det inte k\u00e4nts s\u00e5 speciellt mycket, f\u00f6rutom att man \u00e4r lite ringrostig och inte har koll p\u00e5 de mesta. Men nu k\u00e4nner jag att jag har bra koll p\u00e5 b\u00e5de butiken och annat.\u201d<\/p>\n<p>\u200d<b>Har du n\u00e5gra tips till andra som \u00e4r nya p\u00e5 jobbet?\u200d<\/b><br \/>\u201dK\u00f6r all in och ta in all den information som beh\u00f6vs f\u00f6r att g\u00f6ra ett bra jobb. Genom att l\u00e4ra sig de b\u00e4sta knepen kommer arbetet snabbt bli betydligt mycket smidigare och l\u00e4tthanterligare \u00e4n om man bara skulle g\u00e5 dit och g\u00f6ra som man blir tillsagd. Man beh\u00f6ver ta eget initiativ om man vill vara framg\u00e5ngsrik.\u201d<\/p>\n<p>\u200d<b>Vad tog du med dig mest fr\u00e5n din tid hos Curonova?\u200d<\/b><br \/>\u201dAtt aldrig ge upp, oavsett om det k\u00e4nns tungt. Till slut kommer man vidare, bara man vill och inte ger upp!\u201d<\/p>\n<p>\u200d&#8221;Vi p\u00e5 Curonova \u00e4r v\u00e4ldigt glada att ha f\u00e5tt ta del av Elias resa \u00e4n s\u00e5 l\u00e4nge, och \u00f6nskar honom all lycka till i framtiden!&#8221;<\/p>\n<p>\u200d<b>Vad \u00e4r Rusta och Matcha?<br \/><\/b>Rusta och matcha \u00e4r en tj\u00e4nst d\u00e4r Arbetsf\u00f6rmedlingen tillsammans med frist\u00e5ende akt\u00f6rer hj\u00e4lper arbetss\u00f6kande att komma ut i arbete eller utbildning p\u00e5 s\u00e5 kort tid som m\u00f6jligt. M\u00e5let med tj\u00e4nsten, som kan p\u00e5g\u00e5 i maximalt tolv m\u00e5nader, \u00e4r att deltagarna ska f\u00e5 jobb eller b\u00f6rja studera s\u00e5 fort som m\u00f6jligt.<\/p>\n<p>Elias har g\u00e5tt programmet Rusta och Matcha p\u00e5 Curonova, vilket \u00e4r en tj\u00e4nst vi erbjuder via Arbetsf\u00f6rmedningen. N\u00e4r du g\u00e5r Rusta och Matcha hos Curonova kan du k\u00e4nna dig trygg i att du f\u00e5r de allra b\u00e4sta f\u00f6ruts\u00e4ttningarna f\u00f6r att lyckas i ditt jobbs\u00f6kande, precis som v\u00e5ra solskenshistorier vittnar om!<\/p>\n<p>\u00c4r du ocks\u00e5 intresserad av att delta i Rusta och Matcha och l\u00e5ta oss hj\u00e4lpa dig till ditt nya jobb, eller kanske nya studier? Fyll d\u00e5 i v\u00e5rt <a href=\"https:\/\/www.curonova.se\/ansok\">ans\u00f6kningsformul\u00e4r<\/a>, s\u00e5 kontaktar vi dig!<\/p>\n<p>Vill du veta mer om Rusta och Matcha och vad det kan inneb\u00e4ra f\u00f6r dig som deltagare kan du <a href=\"https:\/\/www.curonova.se\/rusta-och-matcha\">l\u00e4sa mer om det h\u00e4r.<\/a><\/p>\n<p>Den h\u00e4r solkenshistorien \u00e4r skriven av Coronova som \u00e4r med som utst\u00e4llare p\u00e5 Jobbfestivalen med Tema M\u00e5ngfald i Kungstr\u00e4dg\u00e5rden den 14 september.<\/p>\t\t\t\t\t\t\t\t<\/div>\n\t\t\t\t<\/div>\n\t\t\t\t<div class=\"elementor-element elementor-element-1ec2950 elementor-widget elementor-widget-heading\" data-id=\"1ec2950\" data-element_type=\"widget\" data-e-type=\"widget\" data-widget_type=\"heading.default\">\n\t\t\t\t<div class=\"elementor-widget-container\">\n\t\t\t\t\t<h2 class=\"elementor-heading-title elementor-size-default\">Dela inl\u00e4gget<\/h2>\t\t\t\t<\/div>\n\t\t\t\t<\/div>\n\t\t\t\t<div class=\"elementor-element elementor-element-2a6d5bc6 elementor-share-buttons--skin-framed elementor-share-buttons--view-icon-text elementor-share-buttons--shape-square elementor-grid-0 elementor-share-buttons--color-official elementor-widget elementor-widget-share-buttons\" data-id=\"2a6d5bc6\" data-element_type=\"widget\" data-e-type=\"widget\" data-widget_type=\"share-buttons.default\">\n\t\t\t\t<div class=\"elementor-widget-container\">\n\t\t\t\t\t\t\t<div class=\"elementor-grid\" role=\"list\">\n\t\t\t\t\t\t\t\t<div class=\"elementor-grid-item\" role=\"listitem\">\n\t\t\t\t\t\t<div class=\"elementor-share-btn elementor-share-btn_facebook\" role=\"button\" tabindex=\"0\" aria-label=\"Dela p\u00e5 facebook\">\n\t\t\t\t\t\t\t\t\t\t\t\t\t\t\t<span class=\"elementor-share-btn__icon\">\n\t\t\t\t\t\t\t\t<i class=\"fab fa-facebook\" aria-hidden=\"true\"><\/i>\t\t\t\t\t\t\t<\/span>\n\t\t\t\t\t\t\t\t\t\t\t\t\t\t\t\t\t\t\t\t\t\t<div class=\"elementor-share-btn__text\">\n\t\t\t\t\t\t\t\t\t\t\t\t\t\t\t\t\t\t\t<span class=\"elementor-share-btn__title\">\n\t\t\t\t\t\t\t\t\t\tFacebook\t\t\t\t\t\t\t\t\t<\/span>\n\t\t\t\t\t\t\t\t\t\t\t\t\t\t\t\t\t<\/div>\n\t\t\t\t\t\t\t\t\t\t\t\t\t<\/div>\n\t\t\t\t\t<\/div>\n\t\t\t\t\t\t\t\t\t<div class=\"elementor-grid-item\" role=\"listitem\">\n\t\t\t\t\t\t<div class=\"elementor-share-btn elementor-share-btn_twitter\" role=\"button\" tabindex=\"0\" aria-label=\"Dela p\u00e5 twitter\">\n\t\t\t\t\t\t\t\t\t\t\t\t\t\t\t<span class=\"elementor-share-btn__icon\">\n\t\t\t\t\t\t\t\t<i class=\"fab fa-twitter\" aria-hidden=\"true\"><\/i>\t\t\t\t\t\t\t<\/span>\n\t\t\t\t\t\t\t\t\t\t\t\t\t\t\t\t\t\t\t\t\t\t<div class=\"elementor-share-btn__text\">\n\t\t\t\t\t\t\t\t\t\t\t\t\t\t\t\t\t\t\t<span class=\"elementor-share-btn__title\">\n\t\t\t\t\t\t\t\t\t\tTwitter\t\t\t\t\t\t\t\t\t<\/span>\n\t\t\t\t\t\t\t\t\t\t\t\t\t\t\t\t\t<\/div>\n\t\t\t\t\t\t\t\t\t\t\t\t\t<\/div>\n\t\t\t\t\t<\/div>\n\t\t\t\t\t\t\t\t\t<div class=\"elementor-grid-item\" role=\"listitem\">\n\t\t\t\t\t\t<div class=\"elementor-share-btn elementor-share-btn_linkedin\" role=\"button\" tabindex=\"0\" aria-label=\"Dela p\u00e5 linkedin\">\n\t\t\t\t\t\t\t\t\t\t\t\t\t\t\t<span class=\"elementor-share-btn__icon\">\n\t\t\t\t\t\t\t\t<i class=\"fab fa-linkedin\" aria-hidden=\"true\"><\/i>\t\t\t\t\t\t\t<\/span>\n\t\t\t\t\t\t\t\t\t\t\t\t\t\t\t\t\t\t\t\t\t\t<div class=\"elementor-share-btn__text\">\n\t\t\t\t\t\t\t\t\t\t\t\t\t\t\t\t\t\t\t<span class=\"elementor-share-btn__title\">\n\t\t\t\t\t\t\t\t\t\tLinkedIn\t\t\t\t\t\t\t\t\t<\/span>\n\t\t\t\t\t\t\t\t\t\t\t\t\t\t\t\t\t<\/div>\n\t\t\t\t\t\t\t\t\t\t\t\t\t<\/div>\n\t\t\t\t\t<\/div>\n\t\t\t\t\t\t<\/div>\n\t\t\t\t\t\t<\/div>\n\t\t\t\t<\/div>\n\t\t\t\t<div class=\"elementor-element elementor-element-39a058e1 elementor-widget elementor-widget-spacer\" data-id=\"39a058e1\" data-element_type=\"widget\" data-e-type=\"widget\" data-widget_type=\"spacer.default\">\n\t\t\t\t<div class=\"elementor-widget-container\">\n\t\t\t\t\t\t\t<div class=\"elementor-spacer\">\n\t\t\t<div class=\"elementor-spacer-inner\"><\/div>\n\t\t<\/div>\n\t\t\t\t\t\t<\/div>\n\t\t\t\t<\/div>\n\t\t\t\t<section class=\"elementor-section elementor-inner-section elementor-element elementor-element-3c0c321e elementor-section-boxed elementor-section-height-default elementor-section-height-default\" data-id=\"3c0c321e\" data-element_type=\"section\" data-e-type=\"section\" data-settings=\"{&quot;background_motion_fx_translateX_effect&quot;:&quot;yes&quot;,&quot;background_motion_fx_translateX_direction&quot;:&quot;negative&quot;,&quot;background_motion_fx_translateX_speed&quot;:{&quot;unit&quot;:&quot;px&quot;,&quot;size&quot;:2.4,&quot;sizes&quot;:[]},&quot;background_motion_fx_translateX_affectedRange&quot;:{&quot;unit&quot;:&quot;%&quot;,&quot;size&quot;:&quot;&quot;,&quot;sizes&quot;:{&quot;start&quot;:0,&quot;end&quot;:100}},&quot;background_motion_fx_devices&quot;:[&quot;desktop&quot;,&quot;tablet&quot;,&quot;mobile&quot;]}\">\n\t\t\t\t\t\t\t<div class=\"elementor-background-overlay\"><\/div>\n\t\t\t\t\t\t\t<div class=\"elementor-container elementor-column-gap-default\">\n\t\t\t\t\t<div class=\"elementor-column elementor-col-50 elementor-inner-column elementor-element elementor-element-30cfdb24\" data-id=\"30cfdb24\" data-element_type=\"column\" data-e-type=\"column\">\n\t\t\t<div class=\"elementor-widget-wrap elementor-element-populated\">\n\t\t\t\t\t\t<div class=\"elementor-element elementor-element-2fd2e46f elementor-widget elementor-widget-image\" data-id=\"2fd2e46f\" data-element_type=\"widget\" data-e-type=\"widget\" data-widget_type=\"image.default\">\n\t\t\t\t<div class=\"elementor-widget-container\">\n\t\t\t\t\t\t\t\t\t\t\t\t\t\t\t<img decoding=\"async\" width=\"1024\" height=\"618\" src=\"https:\/\/mentalfestivalen.se\/wp-content\/uploads\/2022\/03\/Curunova-Logo-marin-bla@3x-2-1024x618-1.png\" class=\"attachment-large size-large wp-image-2499\" alt=\"\" srcset=\"https:\/\/mentalfestivalen.se\/wp-content\/uploads\/2022\/03\/Curunova-Logo-marin-bla@3x-2-1024x618-1.png 1024w, https:\/\/mentalfestivalen.se\/wp-content\/uploads\/2022\/03\/Curunova-Logo-marin-bla@3x-2-1024x618-1-300x181.png 300w, https:\/\/mentalfestivalen.se\/wp-content\/uploads\/2022\/03\/Curunova-Logo-marin-bla@3x-2-1024x618-1-768x464.png 768w, https:\/\/mentalfestivalen.se\/wp-content\/uploads\/2022\/03\/Curunova-Logo-marin-bla@3x-2-1024x618-1-18x12.png 18w\" sizes=\"(max-width: 1024px) 100vw, 1024px\" \/>\t\t\t\t\t\t\t\t\t\t\t\t\t\t\t<\/div>\n\t\t\t\t<\/div>\n\t\t\t\t\t<\/div>\n\t\t<\/div>\n\t\t\t\t<div class=\"elementor-column elementor-col-50 elementor-inner-column elementor-element elementor-element-2ae17623\" data-id=\"2ae17623\" data-element_type=\"column\" data-e-type=\"column\">\n\t\t\t<div class=\"elementor-widget-wrap elementor-element-populated\">\n\t\t\t\t\t\t<div class=\"elementor-element elementor-element-55aa7802 elementor-widget elementor-widget-text-editor\" data-id=\"55aa7802\" data-element_type=\"widget\" data-e-type=\"widget\" data-widget_type=\"text-editor.default\">\n\t\t\t\t<div class=\"elementor-widget-container\">\n\t\t\t\t\t\t\t\t\t<p>Curonova erbjuder en uppsj\u00f6 av tj\u00e4nster och program f\u00f6r m\u00e4nniskor som beh\u00f6ver hitta en ny syssels\u00e4ttning. Vi vet att m\u00e4nniskor \u00e4r olika, och brinner f\u00f6r att l\u00e5sa upp m\u00e4nniskors sanna potential och l\u00e5ta deras unika f\u00f6rm\u00e5gor och erfarenheter komma till anv\u00e4ndning p\u00e5 arbetsmarknaden.\u00a0<\/p>\t\t\t\t\t\t\t\t<\/div>\n\t\t\t\t<\/div>\n\t\t\t\t<div class=\"elementor-element elementor-element-3cf0a397 elementor-align-left elementor-widget elementor-widget-button\" data-id=\"3cf0a397\" data-element_type=\"widget\" data-e-type=\"widget\" data-widget_type=\"button.default\">\n\t\t\t\t<div class=\"elementor-widget-container\">\n\t\t\t\t\t\t\t\t\t<div class=\"elementor-button-wrapper\">\n\t\t\t\t\t<a class=\"elementor-button elementor-button-link elementor-size-sm\" href=\"https:\/\/www.curonova.se\/\">\n\t\t\t\t\t\t<span class=\"elementor-button-content-wrapper\">\n\t\t\t\t\t\t\t\t\t<span class=\"elementor-button-text\">L\u00e4s mer<\/span>\n\t\t\t\t\t<\/span>\n\t\t\t\t\t<\/a>\n\t\t\t\t<\/div>\n\t\t\t\t\t\t\t\t<\/div>\n\t\t\t\t<\/div>\n\t\t\t\t\t<\/div>\n\t\t<\/div>\n\t\t\t\t\t<\/div>\n\t\t<\/section>\n\t\t\t\t<div class=\"elementor-element elementor-element-54f680a5 elementor-widget elementor-widget-spacer\" data-id=\"54f680a5\" data-element_type=\"widget\" data-e-type=\"widget\" data-widget_type=\"spacer.default\">\n\t\t\t\t<div class=\"elementor-widget-container\">\n\t\t\t\t\t\t\t<div class=\"elementor-spacer\">\n\t\t\t<div class=\"elementor-spacer-inner\"><\/div>\n\t\t<\/div>\n\t\t\t\t\t\t<\/div>\n\t\t\t\t<\/div>\n\t\t\t\t<div class=\"elementor-element elementor-element-65193ca5 elementor-widget elementor-widget-post-navigation\" data-id=\"65193ca5\" data-element_type=\"widget\" data-e-type=\"widget\" data-widget_type=\"post-navigation.default\">\n\t\t\t\t<div class=\"elementor-widget-container\">\n\t\t\t\t\t\t\t<div class=\"elementor-post-navigation\" role=\"navigation\" aria-label=\"Post Navigation\">\n\t\t\t<div class=\"elementor-post-navigation__prev elementor-post-navigation__link\">\n\t\t\t\t<a href=\"https:\/\/mentalfestivalen.se\/en\/vi-arbetar-for-att-minska-utanforskap-pa-arbetsmarknaden-till-att-alla-ska-bli-inkluderade\/\" rel=\"prev\"><span class=\"post-navigation__arrow-wrapper post-navigation__arrow-prev\"><i aria-hidden=\"true\" class=\"fas fa-angle-left\"><\/i><span class=\"elementor-screen-only\">Prev<\/span><\/span><span class=\"elementor-post-navigation__link__prev\"><span class=\"post-navigation__prev--label\">F\u00f6reg\u00e5ende<\/span><span class=\"post-navigation__prev--title\">Vi arbetar f\u00f6r att minska utanf\u00f6rskap p\u00e5 arbetsmarknaden till att alla ska bli inkluderade<\/span><\/span><\/a>\t\t\t<\/div>\n\t\t\t\t\t\t<div class=\"elementor-post-navigation__next elementor-post-navigation__link\">\n\t\t\t\t<a href=\"https:\/\/mentalfestivalen.se\/en\/svante-swantesons-solskenshistoria\/\" rel=\"next\"><span class=\"elementor-post-navigation__link__next\"><span class=\"post-navigation__next--label\">N\u00e4sta<\/span><span class=\"post-navigation__next--title\">Svante Swantesons Solskenshistoria<\/span><\/span><span class=\"post-navigation__arrow-wrapper post-navigation__arrow-next\"><i aria-hidden=\"true\" class=\"fas fa-angle-right\"><\/i><span class=\"elementor-screen-only\">Next<\/span><\/span><\/a>\t\t\t<\/div>\n\t\t<\/div>\n\t\t\t\t\t\t<\/div>\n\t\t\t\t<\/div>\n\t\t\t\t<div class=\"elementor-element elementor-element-53da2692 elementor-widget elementor-widget-spacer\" data-id=\"53da2692\" data-element_type=\"widget\" data-e-type=\"widget\" data-widget_type=\"spacer.default\">\n\t\t\t\t<div class=\"elementor-widget-container\">\n\t\t\t\t\t\t\t<div class=\"elementor-spacer\">\n\t\t\t<div class=\"elementor-spacer-inner\"><\/div>\n\t\t<\/div>\n\t\t\t\t\t\t<\/div>\n\t\t\t\t<\/div>\n\t\t\t\t<div class=\"elementor-element elementor-element-1e5ceffa elementor-widget elementor-widget-spacer\" data-id=\"1e5ceffa\" data-element_type=\"widget\" data-e-type=\"widget\" data-widget_type=\"spacer.default\">\n\t\t\t\t<div class=\"elementor-widget-container\">\n\t\t\t\t\t\t\t<div class=\"elementor-spacer\">\n\t\t\t<div class=\"elementor-spacer-inner\"><\/div>\n\t\t<\/div>\n\t\t\t\t\t\t<\/div>\n\t\t\t\t<\/div>\n\t\t\t\t\t<\/div>\n\t\t<\/div>\n\t\t\t\t\t<\/div>\n\t\t<\/section>\n\t\t\t\t<\/div>\n\t\t","protected":false},"excerpt":{"rendered":"<p>F\u00f6r en tid sedan skrev vi en solskenshistoria om Elias, som med hj\u00e4lp av sin Matchare Urban fick kontakt med en f\u00f6retagare i Falun som hade behov av personal. Efter en kortare praktik gick det snabbt innan Elias var anst\u00e4lld med ett st\u00f6rre ansvar \u00f6ver butiken, och han var s\u00e5klart v\u00e4ldigt glad \u00f6ver sitt nyfunna [&hellip;]<\/p>\n","protected":false},"author":8,"featured_media":2979,"comment_status":"open","ping_status":"closed","sticky":false,"template":"elementor_header_footer","format":"standard","meta":{"_acf_changed":false,"site-sidebar-layout":"default","site-content-layout":"","ast-site-content-layout":"default","site-content-style":"default","site-sidebar-style":"default","ast-global-header-display":"","ast-banner-title-visibility":"","ast-main-header-display":"","ast-hfb-above-header-display":"","ast-hfb-below-header-display":"","ast-hfb-mobile-header-display":"","site-post-title":"","ast-breadcrumbs-content":"","ast-featured-img":"","footer-sml-layout":"","ast-disable-related-posts":"","theme-transparent-header-meta":"","adv-header-id-meta":"","stick-header-meta":"","header-above-stick-meta":"","header-main-stick-meta":"","header-below-stick-meta":"","astra-migrate-meta-layouts":"default","ast-page-background-enabled":"default","ast-page-background-meta":{"desktop":{"background-color":"","background-image":"","background-repeat":"repeat","background-position":"center center","background-size":"auto","background-attachment":"scroll","background-type":"","background-media":"","overlay-type":"","overlay-color":"","overlay-opacity":"","overlay-gradient":""},"tablet":{"background-color":"","background-image":"","background-repeat":"repeat","background-position":"center center","background-size":"auto","background-attachment":"scroll","background-type":"","background-media":"","overlay-type":"","overlay-color":"","overlay-opacity":"","overlay-gradient":""},"mobile":{"background-color":"","background-image":"","background-repeat":"repeat","background-position":"center center","background-size":"auto","background-attachment":"scroll","background-type":"","background-media":"","overlay-type":"","overlay-color":"","overlay-opacity":"","overlay-gradient":""}},"ast-content-background-meta":{"desktop":{"background-color":"var(--ast-global-color-5)","background-image":"","background-repeat":"repeat","background-position":"center center","background-size":"auto","background-attachment":"scroll","background-type":"","background-media":"","overlay-type":"","overlay-color":"","overlay-opacity":"","overlay-gradient":""},"tablet":{"background-color":"var(--ast-global-color-5)","background-image":"","background-repeat":"repeat","background-position":"center center","background-size":"auto","background-attachment":"scroll","background-type":"","background-media":"","overlay-type":"","overlay-color":"","overlay-opacity":"","overlay-gradient":""},"mobile":{"background-color":"var(--ast-global-color-5)","background-image":"","background-repeat":"repeat","background-position":"center center","background-size":"auto","background-attachment":"scroll","background-type":"","background-media":"","overlay-type":"","overlay-color":"","overlay-opacity":"","overlay-gradient":""}},"footnotes":""},"categories":[43],"tags":[],"class_list":["post-2978","post","type-post","status-publish","format-standard","has-post-thumbnail","hentry","category-solskenshistorier"],"acf":[],"yoast_head":"<!-- This site is optimized with the Yoast SEO plugin v27.5 - https:\/\/yoast.com\/product\/yoast-seo-wordpress\/ -->\n<title>Rusta och matcha \u00e4r en tj\u00e4nst d\u00e4r Arbetsf\u00f6rmedlingen tillsammans med frist\u00e5ende akt\u00f6rer hj\u00e4lper arbetss\u00f6kande att komma ut i arbete. - Mentalfestivalen<\/title>\n<meta name=\"robots\" content=\"index, follow, max-snippet:-1, max-image-preview:large, max-video-preview:-1\" \/>\n<link rel=\"canonical\" href=\"https:\/\/mentalfestivalen.se\/en\/rusta-och-matcha-ar-en-tjanst-dar-arbetsformedlingen-tillsammans-med-fristaende-aktorer-hjalper-arbetssokande-att-komma-ut-i-arbete\/\" \/>\n<meta property=\"og:locale\" content=\"en_GB\" \/>\n<meta property=\"og:type\" content=\"article\" \/>\n<meta property=\"og:title\" content=\"Rusta och matcha \u00e4r en tj\u00e4nst d\u00e4r Arbetsf\u00f6rmedlingen tillsammans med frist\u00e5ende akt\u00f6rer hj\u00e4lper arbetss\u00f6kande att komma ut i arbete. - Mentalfestivalen\" \/>\n<meta property=\"og:description\" content=\"F\u00f6r en tid sedan skrev vi en solskenshistoria om Elias, som med hj\u00e4lp av sin Matchare Urban fick kontakt med en f\u00f6retagare i Falun som hade behov av personal. Efter en kortare praktik gick det snabbt innan Elias var anst\u00e4lld med ett st\u00f6rre ansvar \u00f6ver butiken, och han var s\u00e5klart v\u00e4ldigt glad \u00f6ver sitt nyfunna [&hellip;]\" \/>\n<meta property=\"og:url\" content=\"https:\/\/mentalfestivalen.se\/en\/rusta-och-matcha-ar-en-tjanst-dar-arbetsformedlingen-tillsammans-med-fristaende-aktorer-hjalper-arbetssokande-att-komma-ut-i-arbete\/\" \/>\n<meta property=\"og:site_name\" content=\"Mentalfestivalen\" \/>\n<meta property=\"article:published_time\" content=\"2022-04-08T09:24:14+00:00\" \/>\n<meta property=\"article:modified_time\" content=\"2022-04-08T09:31:14+00:00\" \/>\n<meta property=\"og:image\" content=\"https:\/\/mentalfestivalen.se\/wp-content\/uploads\/2022\/04\/Elias.png\" \/>\n\t<meta property=\"og:image:width\" content=\"1800\" \/>\n\t<meta property=\"og:image:height\" content=\"945\" \/>\n\t<meta property=\"og:image:type\" content=\"image\/png\" \/>\n<meta name=\"author\" content=\"Mats Wernheim\" \/>\n<meta name=\"twitter:card\" content=\"summary_large_image\" \/>\n<meta name=\"twitter:label1\" content=\"Written by\" \/>\n\t<meta name=\"twitter:data1\" content=\"Mats Wernheim\" \/>\n\t<meta name=\"twitter:label2\" content=\"Estimated reading time\" \/>\n\t<meta name=\"twitter:data2\" content=\"4 minutes\" \/>\n<script type=\"application\/ld+json\" class=\"yoast-schema-graph\">{\"@context\":\"https:\\\/\\\/schema.org\",\"@graph\":[{\"@type\":\"Article\",\"@id\":\"https:\\\/\\\/mentalfestivalen.se\\\/rusta-och-matcha-ar-en-tjanst-dar-arbetsformedlingen-tillsammans-med-fristaende-aktorer-hjalper-arbetssokande-att-komma-ut-i-arbete\\\/#article\",\"isPartOf\":{\"@id\":\"https:\\\/\\\/mentalfestivalen.se\\\/rusta-och-matcha-ar-en-tjanst-dar-arbetsformedlingen-tillsammans-med-fristaende-aktorer-hjalper-arbetssokande-att-komma-ut-i-arbete\\\/\"},\"author\":{\"name\":\"Mats Wernheim\",\"@id\":\"https:\\\/\\\/mentalfestivalen.se\\\/#\\\/schema\\\/person\\\/fd3aa9db8400922d5c75a9dc444153ba\"},\"headline\":\"Rusta och matcha \u00e4r en tj\u00e4nst d\u00e4r Arbetsf\u00f6rmedlingen tillsammans med frist\u00e5ende akt\u00f6rer hj\u00e4lper arbetss\u00f6kande att komma ut i arbete.\",\"datePublished\":\"2022-04-08T09:24:14+00:00\",\"dateModified\":\"2022-04-08T09:31:14+00:00\",\"mainEntityOfPage\":{\"@id\":\"https:\\\/\\\/mentalfestivalen.se\\\/rusta-och-matcha-ar-en-tjanst-dar-arbetsformedlingen-tillsammans-med-fristaende-aktorer-hjalper-arbetssokande-att-komma-ut-i-arbete\\\/\"},\"wordCount\":849,\"commentCount\":0,\"image\":{\"@id\":\"https:\\\/\\\/mentalfestivalen.se\\\/rusta-och-matcha-ar-en-tjanst-dar-arbetsformedlingen-tillsammans-med-fristaende-aktorer-hjalper-arbetssokande-att-komma-ut-i-arbete\\\/#primaryimage\"},\"thumbnailUrl\":\"https:\\\/\\\/mentalfestivalen.se\\\/wp-content\\\/uploads\\\/2022\\\/04\\\/Elias.png\",\"articleSection\":[\"Solskenshistorier\"],\"inLanguage\":\"en-GB\",\"potentialAction\":[{\"@type\":\"CommentAction\",\"name\":\"Comment\",\"target\":[\"https:\\\/\\\/mentalfestivalen.se\\\/rusta-och-matcha-ar-en-tjanst-dar-arbetsformedlingen-tillsammans-med-fristaende-aktorer-hjalper-arbetssokande-att-komma-ut-i-arbete\\\/#respond\"]}]},{\"@type\":\"WebPage\",\"@id\":\"https:\\\/\\\/mentalfestivalen.se\\\/rusta-och-matcha-ar-en-tjanst-dar-arbetsformedlingen-tillsammans-med-fristaende-aktorer-hjalper-arbetssokande-att-komma-ut-i-arbete\\\/\",\"url\":\"https:\\\/\\\/mentalfestivalen.se\\\/rusta-och-matcha-ar-en-tjanst-dar-arbetsformedlingen-tillsammans-med-fristaende-aktorer-hjalper-arbetssokande-att-komma-ut-i-arbete\\\/\",\"name\":\"Rusta och matcha \u00e4r en tj\u00e4nst d\u00e4r Arbetsf\u00f6rmedlingen tillsammans med frist\u00e5ende akt\u00f6rer hj\u00e4lper arbetss\u00f6kande att komma ut i arbete. - Mentalfestivalen\",\"isPartOf\":{\"@id\":\"https:\\\/\\\/mentalfestivalen.se\\\/#website\"},\"primaryImageOfPage\":{\"@id\":\"https:\\\/\\\/mentalfestivalen.se\\\/rusta-och-matcha-ar-en-tjanst-dar-arbetsformedlingen-tillsammans-med-fristaende-aktorer-hjalper-arbetssokande-att-komma-ut-i-arbete\\\/#primaryimage\"},\"image\":{\"@id\":\"https:\\\/\\\/mentalfestivalen.se\\\/rusta-och-matcha-ar-en-tjanst-dar-arbetsformedlingen-tillsammans-med-fristaende-aktorer-hjalper-arbetssokande-att-komma-ut-i-arbete\\\/#primaryimage\"},\"thumbnailUrl\":\"https:\\\/\\\/mentalfestivalen.se\\\/wp-content\\\/uploads\\\/2022\\\/04\\\/Elias.png\",\"datePublished\":\"2022-04-08T09:24:14+00:00\",\"dateModified\":\"2022-04-08T09:31:14+00:00\",\"author\":{\"@id\":\"https:\\\/\\\/mentalfestivalen.se\\\/#\\\/schema\\\/person\\\/fd3aa9db8400922d5c75a9dc444153ba\"},\"breadcrumb\":{\"@id\":\"https:\\\/\\\/mentalfestivalen.se\\\/rusta-och-matcha-ar-en-tjanst-dar-arbetsformedlingen-tillsammans-med-fristaende-aktorer-hjalper-arbetssokande-att-komma-ut-i-arbete\\\/#breadcrumb\"},\"inLanguage\":\"en-GB\",\"potentialAction\":[{\"@type\":\"ReadAction\",\"target\":[\"https:\\\/\\\/mentalfestivalen.se\\\/rusta-och-matcha-ar-en-tjanst-dar-arbetsformedlingen-tillsammans-med-fristaende-aktorer-hjalper-arbetssokande-att-komma-ut-i-arbete\\\/\"]}]},{\"@type\":\"ImageObject\",\"inLanguage\":\"en-GB\",\"@id\":\"https:\\\/\\\/mentalfestivalen.se\\\/rusta-och-matcha-ar-en-tjanst-dar-arbetsformedlingen-tillsammans-med-fristaende-aktorer-hjalper-arbetssokande-att-komma-ut-i-arbete\\\/#primaryimage\",\"url\":\"https:\\\/\\\/mentalfestivalen.se\\\/wp-content\\\/uploads\\\/2022\\\/04\\\/Elias.png\",\"contentUrl\":\"https:\\\/\\\/mentalfestivalen.se\\\/wp-content\\\/uploads\\\/2022\\\/04\\\/Elias.png\",\"width\":1800,\"height\":945},{\"@type\":\"BreadcrumbList\",\"@id\":\"https:\\\/\\\/mentalfestivalen.se\\\/rusta-och-matcha-ar-en-tjanst-dar-arbetsformedlingen-tillsammans-med-fristaende-aktorer-hjalper-arbetssokande-att-komma-ut-i-arbete\\\/#breadcrumb\",\"itemListElement\":[{\"@type\":\"ListItem\",\"position\":1,\"name\":\"Hem\",\"item\":\"https:\\\/\\\/mentalfestivalen.se\\\/\"},{\"@type\":\"ListItem\",\"position\":2,\"name\":\"Rusta och matcha \u00e4r en tj\u00e4nst d\u00e4r Arbetsf\u00f6rmedlingen tillsammans med frist\u00e5ende akt\u00f6rer hj\u00e4lper arbetss\u00f6kande att komma ut i arbete.\"}]},{\"@type\":\"WebSite\",\"@id\":\"https:\\\/\\\/mentalfestivalen.se\\\/#website\",\"url\":\"https:\\\/\\\/mentalfestivalen.se\\\/\",\"name\":\"Mentalfestivalen\",\"description\":\"Mentalfestivalen\",\"potentialAction\":[{\"@type\":\"SearchAction\",\"target\":{\"@type\":\"EntryPoint\",\"urlTemplate\":\"https:\\\/\\\/mentalfestivalen.se\\\/?s={search_term_string}\"},\"query-input\":{\"@type\":\"PropertyValueSpecification\",\"valueRequired\":true,\"valueName\":\"search_term_string\"}}],\"inLanguage\":\"en-GB\"},{\"@type\":\"Person\",\"@id\":\"https:\\\/\\\/mentalfestivalen.se\\\/#\\\/schema\\\/person\\\/fd3aa9db8400922d5c75a9dc444153ba\",\"name\":\"Mats Wernheim\",\"image\":{\"@type\":\"ImageObject\",\"inLanguage\":\"en-GB\",\"@id\":\"https:\\\/\\\/secure.gravatar.com\\\/avatar\\\/9109ed7993734bce8a4fd7ce45fd76ee8608790e024ae80ea4a7ddd09e3af807?s=96&d=mm&r=g\",\"url\":\"https:\\\/\\\/secure.gravatar.com\\\/avatar\\\/9109ed7993734bce8a4fd7ce45fd76ee8608790e024ae80ea4a7ddd09e3af807?s=96&d=mm&r=g\",\"contentUrl\":\"https:\\\/\\\/secure.gravatar.com\\\/avatar\\\/9109ed7993734bce8a4fd7ce45fd76ee8608790e024ae80ea4a7ddd09e3af807?s=96&d=mm&r=g\",\"caption\":\"Mats Wernheim\"},\"url\":\"https:\\\/\\\/mentalfestivalen.se\\\/en\\\/author\\\/mats-wernheimvile-se\\\/\"}]}<\/script>\n<!-- \/ Yoast SEO plugin. -->","yoast_head_json":{"title":"Rusta och matcha \u00e4r en tj\u00e4nst d\u00e4r Arbetsf\u00f6rmedlingen tillsammans med frist\u00e5ende akt\u00f6rer hj\u00e4lper arbetss\u00f6kande att komma ut i arbete. - Mentalfestivalen","robots":{"index":"index","follow":"follow","max-snippet":"max-snippet:-1","max-image-preview":"max-image-preview:large","max-video-preview":"max-video-preview:-1"},"canonical":"https:\/\/mentalfestivalen.se\/en\/rusta-och-matcha-ar-en-tjanst-dar-arbetsformedlingen-tillsammans-med-fristaende-aktorer-hjalper-arbetssokande-att-komma-ut-i-arbete\/","og_locale":"en_GB","og_type":"article","og_title":"Rusta och matcha \u00e4r en tj\u00e4nst d\u00e4r Arbetsf\u00f6rmedlingen tillsammans med frist\u00e5ende akt\u00f6rer hj\u00e4lper arbetss\u00f6kande att komma ut i arbete. - Mentalfestivalen","og_description":"F\u00f6r en tid sedan skrev vi en solskenshistoria om Elias, som med hj\u00e4lp av sin Matchare Urban fick kontakt med en f\u00f6retagare i Falun som hade behov av personal. Efter en kortare praktik gick det snabbt innan Elias var anst\u00e4lld med ett st\u00f6rre ansvar \u00f6ver butiken, och han var s\u00e5klart v\u00e4ldigt glad \u00f6ver sitt nyfunna [&hellip;]","og_url":"https:\/\/mentalfestivalen.se\/en\/rusta-och-matcha-ar-en-tjanst-dar-arbetsformedlingen-tillsammans-med-fristaende-aktorer-hjalper-arbetssokande-att-komma-ut-i-arbete\/","og_site_name":"Mentalfestivalen","article_published_time":"2022-04-08T09:24:14+00:00","article_modified_time":"2022-04-08T09:31:14+00:00","og_image":[{"width":1800,"height":945,"url":"https:\/\/mentalfestivalen.se\/wp-content\/uploads\/2022\/04\/Elias.png","type":"image\/png"}],"author":"Mats Wernheim","twitter_card":"summary_large_image","twitter_misc":{"Written by":"Mats Wernheim","Estimated reading time":"4 minutes"},"schema":{"@context":"https:\/\/schema.org","@graph":[{"@type":"Article","@id":"https:\/\/mentalfestivalen.se\/rusta-och-matcha-ar-en-tjanst-dar-arbetsformedlingen-tillsammans-med-fristaende-aktorer-hjalper-arbetssokande-att-komma-ut-i-arbete\/#article","isPartOf":{"@id":"https:\/\/mentalfestivalen.se\/rusta-och-matcha-ar-en-tjanst-dar-arbetsformedlingen-tillsammans-med-fristaende-aktorer-hjalper-arbetssokande-att-komma-ut-i-arbete\/"},"author":{"name":"Mats Wernheim","@id":"https:\/\/mentalfestivalen.se\/#\/schema\/person\/fd3aa9db8400922d5c75a9dc444153ba"},"headline":"Rusta och matcha \u00e4r en tj\u00e4nst d\u00e4r Arbetsf\u00f6rmedlingen tillsammans med frist\u00e5ende akt\u00f6rer hj\u00e4lper arbetss\u00f6kande att komma ut i arbete.","datePublished":"2022-04-08T09:24:14+00:00","dateModified":"2022-04-08T09:31:14+00:00","mainEntityOfPage":{"@id":"https:\/\/mentalfestivalen.se\/rusta-och-matcha-ar-en-tjanst-dar-arbetsformedlingen-tillsammans-med-fristaende-aktorer-hjalper-arbetssokande-att-komma-ut-i-arbete\/"},"wordCount":849,"commentCount":0,"image":{"@id":"https:\/\/mentalfestivalen.se\/rusta-och-matcha-ar-en-tjanst-dar-arbetsformedlingen-tillsammans-med-fristaende-aktorer-hjalper-arbetssokande-att-komma-ut-i-arbete\/#primaryimage"},"thumbnailUrl":"https:\/\/mentalfestivalen.se\/wp-content\/uploads\/2022\/04\/Elias.png","articleSection":["Solskenshistorier"],"inLanguage":"en-GB","potentialAction":[{"@type":"CommentAction","name":"Comment","target":["https:\/\/mentalfestivalen.se\/rusta-och-matcha-ar-en-tjanst-dar-arbetsformedlingen-tillsammans-med-fristaende-aktorer-hjalper-arbetssokande-att-komma-ut-i-arbete\/#respond"]}]},{"@type":"WebPage","@id":"https:\/\/mentalfestivalen.se\/rusta-och-matcha-ar-en-tjanst-dar-arbetsformedlingen-tillsammans-med-fristaende-aktorer-hjalper-arbetssokande-att-komma-ut-i-arbete\/","url":"https:\/\/mentalfestivalen.se\/rusta-och-matcha-ar-en-tjanst-dar-arbetsformedlingen-tillsammans-med-fristaende-aktorer-hjalper-arbetssokande-att-komma-ut-i-arbete\/","name":"Rusta och matcha \u00e4r en tj\u00e4nst d\u00e4r Arbetsf\u00f6rmedlingen tillsammans med frist\u00e5ende akt\u00f6rer hj\u00e4lper arbetss\u00f6kande att komma ut i arbete. - Mentalfestivalen","isPartOf":{"@id":"https:\/\/mentalfestivalen.se\/#website"},"primaryImageOfPage":{"@id":"https:\/\/mentalfestivalen.se\/rusta-och-matcha-ar-en-tjanst-dar-arbetsformedlingen-tillsammans-med-fristaende-aktorer-hjalper-arbetssokande-att-komma-ut-i-arbete\/#primaryimage"},"image":{"@id":"https:\/\/mentalfestivalen.se\/rusta-och-matcha-ar-en-tjanst-dar-arbetsformedlingen-tillsammans-med-fristaende-aktorer-hjalper-arbetssokande-att-komma-ut-i-arbete\/#primaryimage"},"thumbnailUrl":"https:\/\/mentalfestivalen.se\/wp-content\/uploads\/2022\/04\/Elias.png","datePublished":"2022-04-08T09:24:14+00:00","dateModified":"2022-04-08T09:31:14+00:00","author":{"@id":"https:\/\/mentalfestivalen.se\/#\/schema\/person\/fd3aa9db8400922d5c75a9dc444153ba"},"breadcrumb":{"@id":"https:\/\/mentalfestivalen.se\/rusta-och-matcha-ar-en-tjanst-dar-arbetsformedlingen-tillsammans-med-fristaende-aktorer-hjalper-arbetssokande-att-komma-ut-i-arbete\/#breadcrumb"},"inLanguage":"en-GB","potentialAction":[{"@type":"ReadAction","target":["https:\/\/mentalfestivalen.se\/rusta-och-matcha-ar-en-tjanst-dar-arbetsformedlingen-tillsammans-med-fristaende-aktorer-hjalper-arbetssokande-att-komma-ut-i-arbete\/"]}]},{"@type":"ImageObject","inLanguage":"en-GB","@id":"https:\/\/mentalfestivalen.se\/rusta-och-matcha-ar-en-tjanst-dar-arbetsformedlingen-tillsammans-med-fristaende-aktorer-hjalper-arbetssokande-att-komma-ut-i-arbete\/#primaryimage","url":"https:\/\/mentalfestivalen.se\/wp-content\/uploads\/2022\/04\/Elias.png","contentUrl":"https:\/\/mentalfestivalen.se\/wp-content\/uploads\/2022\/04\/Elias.png","width":1800,"height":945},{"@type":"BreadcrumbList","@id":"https:\/\/mentalfestivalen.se\/rusta-och-matcha-ar-en-tjanst-dar-arbetsformedlingen-tillsammans-med-fristaende-aktorer-hjalper-arbetssokande-att-komma-ut-i-arbete\/#breadcrumb","itemListElement":[{"@type":"ListItem","position":1,"name":"Hem","item":"https:\/\/mentalfestivalen.se\/"},{"@type":"ListItem","position":2,"name":"Rusta och matcha \u00e4r en tj\u00e4nst d\u00e4r Arbetsf\u00f6rmedlingen tillsammans med frist\u00e5ende akt\u00f6rer hj\u00e4lper arbetss\u00f6kande att komma ut i arbete."}]},{"@type":"WebSite","@id":"https:\/\/mentalfestivalen.se\/#website","url":"https:\/\/mentalfestivalen.se\/","name":"Mentalfestivalen","description":"Mentalfestivalen","potentialAction":[{"@type":"SearchAction","target":{"@type":"EntryPoint","urlTemplate":"https:\/\/mentalfestivalen.se\/?s={search_term_string}"},"query-input":{"@type":"PropertyValueSpecification","valueRequired":true,"valueName":"search_term_string"}}],"inLanguage":"en-GB"},{"@type":"Person","@id":"https:\/\/mentalfestivalen.se\/#\/schema\/person\/fd3aa9db8400922d5c75a9dc444153ba","name":"Mats Wernheim","image":{"@type":"ImageObject","inLanguage":"en-GB","@id":"https:\/\/secure.gravatar.com\/avatar\/9109ed7993734bce8a4fd7ce45fd76ee8608790e024ae80ea4a7ddd09e3af807?s=96&d=mm&r=g","url":"https:\/\/secure.gravatar.com\/avatar\/9109ed7993734bce8a4fd7ce45fd76ee8608790e024ae80ea4a7ddd09e3af807?s=96&d=mm&r=g","contentUrl":"https:\/\/secure.gravatar.com\/avatar\/9109ed7993734bce8a4fd7ce45fd76ee8608790e024ae80ea4a7ddd09e3af807?s=96&d=mm&r=g","caption":"Mats Wernheim"},"url":"https:\/\/mentalfestivalen.se\/en\/author\/mats-wernheimvile-se\/"}]}},"_links":{"self":[{"href":"https:\/\/mentalfestivalen.se\/en\/wp-json\/wp\/v2\/posts\/2978","targetHints":{"allow":["GET"]}}],"collection":[{"href":"https:\/\/mentalfestivalen.se\/en\/wp-json\/wp\/v2\/posts"}],"about":[{"href":"https:\/\/mentalfestivalen.se\/en\/wp-json\/wp\/v2\/types\/post"}],"author":[{"embeddable":true,"href":"https:\/\/mentalfestivalen.se\/en\/wp-json\/wp\/v2\/users\/8"}],"replies":[{"embeddable":true,"href":"https:\/\/mentalfestivalen.se\/en\/wp-json\/wp\/v2\/comments?post=2978"}],"version-history":[{"count":0,"href":"https:\/\/mentalfestivalen.se\/en\/wp-json\/wp\/v2\/posts\/2978\/revisions"}],"wp:featuredmedia":[{"embeddable":true,"href":"https:\/\/mentalfestivalen.se\/en\/wp-json\/wp\/v2\/media\/2979"}],"wp:attachment":[{"href":"https:\/\/mentalfestivalen.se\/en\/wp-json\/wp\/v2\/media?parent=2978"}],"wp:term":[{"taxonomy":"category","embeddable":true,"href":"https:\/\/mentalfestivalen.se\/en\/wp-json\/wp\/v2\/categories?post=2978"},{"taxonomy":"post_tag","embeddable":true,"href":"https:\/\/mentalfestivalen.se\/en\/wp-json\/wp\/v2\/tags?post=2978"}],"curies":[{"name":"wp","href":"https:\/\/api.w.org\/{rel}","templated":true}]}}