{"id":2510,"date":"2022-03-10T09:48:55","date_gmt":"2022-03-10T09:48:55","guid":{"rendered":"https:\/\/mentalfestivalen.se\/?p=2510"},"modified":"2022-03-21T17:40:36","modified_gmt":"2022-03-21T17:40:36","slug":"vi-arbetar-for-att-minska-utanforskap-pa-arbetsmarknaden-till-att-alla-ska-bli-inkluderade","status":"publish","type":"post","link":"https:\/\/mentalfestivalen.se\/en\/vi-arbetar-for-att-minska-utanforskap-pa-arbetsmarknaden-till-att-alla-ska-bli-inkluderade\/","title":{"rendered":"Vi arbetar f\u00f6r att minska utanf\u00f6rskap p\u00e5 arbetsmarknaden till att alla ska bli inkluderade"},"content":{"rendered":"\t\t<div data-elementor-type=\"wp-post\" data-elementor-id=\"2510\" class=\"elementor elementor-2510\" data-elementor-post-type=\"post\">\n\t\t\t\t\t\t<section class=\"elementor-section elementor-top-section elementor-element elementor-element-2139d9ca elementor-section-boxed elementor-section-height-default elementor-section-height-default\" data-id=\"2139d9ca\" data-element_type=\"section\" data-e-type=\"section\">\n\t\t\t\t\t\t<div class=\"elementor-container elementor-column-gap-default\">\n\t\t\t\t\t<div class=\"elementor-column elementor-col-100 elementor-top-column elementor-element elementor-element-561ea537\" data-id=\"561ea537\" data-element_type=\"column\" data-e-type=\"column\">\n\t\t\t<div class=\"elementor-widget-wrap elementor-element-populated\">\n\t\t\t\t\t\t<div class=\"elementor-element elementor-element-c1944c4 elementor-widget elementor-widget-image\" data-id=\"c1944c4\" data-element_type=\"widget\" data-e-type=\"widget\" data-widget_type=\"image.default\">\n\t\t\t\t<div class=\"elementor-widget-container\">\n\t\t\t\t\t\t\t\t\t\t\t\t\t\t\t<img fetchpriority=\"high\" decoding=\"async\" width=\"1024\" height=\"645\" src=\"https:\/\/mentalfestivalen.se\/wp-content\/uploads\/2022\/03\/Vi-kan-arbetsmarknaden-Branschen-1-1024x645.png\" class=\"attachment-large size-large wp-image-2511\" alt=\"\" srcset=\"https:\/\/mentalfestivalen.se\/wp-content\/uploads\/2022\/03\/Vi-kan-arbetsmarknaden-Branschen-1-1024x645.png 1024w, https:\/\/mentalfestivalen.se\/wp-content\/uploads\/2022\/03\/Vi-kan-arbetsmarknaden-Branschen-1-300x189.png 300w, https:\/\/mentalfestivalen.se\/wp-content\/uploads\/2022\/03\/Vi-kan-arbetsmarknaden-Branschen-1-768x484.png 768w, https:\/\/mentalfestivalen.se\/wp-content\/uploads\/2022\/03\/Vi-kan-arbetsmarknaden-Branschen-1-1536x968.png 1536w, https:\/\/mentalfestivalen.se\/wp-content\/uploads\/2022\/03\/Vi-kan-arbetsmarknaden-Branschen-1-18x12.png 18w, https:\/\/mentalfestivalen.se\/wp-content\/uploads\/2022\/03\/Vi-kan-arbetsmarknaden-Branschen-1.png 2000w\" sizes=\"(max-width: 1024px) 100vw, 1024px\" \/>\t\t\t\t\t\t\t\t\t\t\t\t\t\t\t<\/div>\n\t\t\t\t<\/div>\n\t\t\t\t<div class=\"elementor-element elementor-element-6ffd9ab7 elementor-widget elementor-widget-spacer\" data-id=\"6ffd9ab7\" data-element_type=\"widget\" data-e-type=\"widget\" data-widget_type=\"spacer.default\">\n\t\t\t\t<div class=\"elementor-widget-container\">\n\t\t\t\t\t\t\t<div class=\"elementor-spacer\">\n\t\t\t<div class=\"elementor-spacer-inner\"><\/div>\n\t\t<\/div>\n\t\t\t\t\t\t<\/div>\n\t\t\t\t<\/div>\n\t\t\t\t\t<\/div>\n\t\t<\/div>\n\t\t\t\t\t<\/div>\n\t\t<\/section>\n\t\t\t\t<section class=\"elementor-section elementor-top-section elementor-element elementor-element-1cd46009 elementor-section-boxed elementor-section-height-default elementor-section-height-default\" data-id=\"1cd46009\" data-element_type=\"section\" data-e-type=\"section\">\n\t\t\t\t\t\t<div class=\"elementor-container elementor-column-gap-default\">\n\t\t\t\t\t<div class=\"elementor-column elementor-col-100 elementor-top-column elementor-element elementor-element-37005cb\" data-id=\"37005cb\" data-element_type=\"column\" data-e-type=\"column\">\n\t\t\t<div class=\"elementor-widget-wrap elementor-element-populated\">\n\t\t\t\t\t\t<div class=\"elementor-element elementor-element-349342d4 elementor-align-left elementor-widget elementor-widget-post-info\" data-id=\"349342d4\" data-element_type=\"widget\" data-e-type=\"widget\" data-widget_type=\"post-info.default\">\n\t\t\t\t<div class=\"elementor-widget-container\">\n\t\t\t\t\t\t\t<ul class=\"elementor-inline-items elementor-icon-list-items elementor-post-info\">\n\t\t\t\t\t\t\t\t<li class=\"elementor-icon-list-item elementor-repeater-item-8b25022 elementor-inline-item\" itemprop=\"datePublished\">\n\t\t\t\t\t\t<a href=\"https:\/\/mentalfestivalen.se\/en\/2022\/03\/10\/\">\n\t\t\t\t\t\t\t\t\t\t\t<span class=\"elementor-icon-list-icon\">\n\t\t\t\t\t\t\t\t<i aria-hidden=\"true\" class=\"fas fa-calendar\"><\/i>\t\t\t\t\t\t\t<\/span>\n\t\t\t\t\t\t\t\t\t<span class=\"elementor-icon-list-text elementor-post-info__item elementor-post-info__item--type-date\">\n\t\t\t\t\t\t\t<span class=\"elementor-post-info__item-prefix\">Publicerad<\/span>\n\t\t\t\t\t\t\t\t\t\t<time>10 March, 2022<\/time>\t\t\t\t\t<\/span>\n\t\t\t\t\t\t\t\t\t<\/a>\n\t\t\t\t<\/li>\n\t\t\t\t<\/ul>\n\t\t\t\t\t\t<\/div>\n\t\t\t\t<\/div>\n\t\t\t\t<div class=\"elementor-element elementor-element-7cd44048 elementor-invisible elementor-widget elementor-widget-heading\" data-id=\"7cd44048\" data-element_type=\"widget\" data-e-type=\"widget\" data-settings=\"{&quot;_animation&quot;:&quot;fadeIn&quot;}\" data-widget_type=\"heading.default\">\n\t\t\t\t<div class=\"elementor-widget-container\">\n\t\t\t\t\t<h2 class=\"elementor-heading-title elementor-size-default\">Vi arbetar f\u00f6r att minska utanf\u00f6rskap p\u00e5 arbetsmarknaden till att alla ska bli inkluderade<\/h2>\t\t\t\t<\/div>\n\t\t\t\t<\/div>\n\t\t\t\t<div class=\"elementor-element elementor-element-270e96f2 elementor-widget elementor-widget-text-editor\" data-id=\"270e96f2\" data-element_type=\"widget\" data-e-type=\"widget\" data-widget_type=\"text-editor.default\">\n\t\t\t\t<div class=\"elementor-widget-container\">\n\t\t\t\t\t\t\t\t\t<p><strong>I v\u00e5r&nbsp; g\u00e4stblogg ber\u00e4ttar Eyes4work om hur f\u00f6retaget vill fr\u00e4mja tillh\u00f6righet och inkludering.<\/strong><\/p>\n<div class=\"panel__text\">\n<p><strong>#1 Inkluderande arbetsmarknad<\/strong><\/p>\n<p>Eyes4work vill fr\u00e4mja tillh\u00f6righet och inkludering.<\/p>\n<p>Vi arbetar f\u00f6r att minska utanf\u00f6rskap p\u00e5 arbetsmarknaden till att alla ska bli inkluderade. Genom att st\u00f6dja utvecklingen f\u00f6r var och en i samh\u00e4llet som beh\u00f6ver det kan vi tillsammans ta steget mot din nya framtid. V\u00e5rt uppdrag \u00e4r att ge alla m\u00e4nniskor oavsett bakgrund och behov en m\u00f6jlighet som tar dig vidare till ditt n\u00e4sta m\u00e5l och din nya framtid.<\/p>\n<p>Vi har fokus p\u00e5 j\u00e4mst\u00e4lldhet i alla v\u00e5ra uppdrag. Genom att arbeta med j\u00e4mst\u00e4lld matchning och arbeta f\u00f6r en j\u00e4mst\u00e4lld rekrytering ser vi att eyes4work kan bidra till en minskad oj\u00e4mlikhet.<\/p>\n<p>Vi ser att arbetsmarknaden beh\u00f6ver m\u00e5ngfald och vara tillg\u00e4nglig d\u00e4rf\u00f6r arbetar vi med en bred m\u00e5lgrupp och med flera olika branscher d\u00e5 vi menar att d\u00e5 kan vi bidra till en dynamisk matchning mot arbetsmarknadens behov.<\/p>\n<p><strong>#2 Ledande i branschen<\/strong><\/p>\n<p>Eyes4works m\u00e5ls\u00e4ttning \u00e4r att tillsammans med lokalt f\u00f6rankrad personal och samarbetspartners skapa effektiva kedjor d\u00e4r utbildning, matchning och rekrytering \u00e4r delar i den process som leder individen fram\u00e5t, mot ett nytt jobb eller vidare mot n\u00e4sta m\u00e5l.<\/p>\n<p>V\u00e5rt samh\u00e4llsengagemang finns \u00f6verallt men vi arbetar f\u00f6r att g\u00f6ra skillnad lokalt d\u00e4r vi kan bidra till att p\u00e5verka och skapa fredliga och inkluderande samh\u00e4llen.<\/p>\n<p>Det g\u00f6r vi bland annat genom att sponsra f\u00f6reningslivet d\u00e5 vi ser hur det i positiv bem\u00e4rkelse inkluderar och f\u00f6r samman m\u00e4nniskor, stora som sm\u00e5. Nyk\u00f6pings ungdomshockey \u00e4r ett av dessa bidragen. Att sponsra ungdomsidrotten kan vi p\u00e5 s\u00e5 vis p\u00e5verka att fler unga kommer i r\u00f6relse och deras f\u00f6r\u00e4ldrar blir ocks\u00e5 en del av gemenskapen.<\/p>\n<p>Eyes4works arbetsmodell lyckas med matchningen mot arbete eller studier. Att arbeta systematiskt med matchning av v\u00e5ra deltagare uppn\u00e5r vi inkluderande och en j\u00e4mst\u00e4lld arbetsmarknad.<\/p>\n<p><strong>#3 H\u00e5llbar arbetsmilj\u00f6<\/strong><\/p>\n<p>Eyes4work har ett viktigt m\u00e5l, det \u00e4r att vara en attraktiv Arbetsgivare. Vi arbetar f\u00f6r en h\u00e5llbar arbetsmilj\u00f6 f\u00f6r att vi ser v\u00e5ra medarbetare som f\u00f6retagets viktigaste resurs. Bolaget \u00e4r v\u00e4rderingsstyrt och v\u00e5ra v\u00e4rderingar ska genomsyra v\u00e5rt dagliga arbeta. Mellan varandra &#8211; kollegor och med v\u00e5ra kunder. P\u00e5 s\u00e5 vis f\u00e5r vi engagerade medarbetare Som dagligen g\u00f6r allt f\u00f6r en j\u00e4mst\u00e4lld och inkluderande arbetsmarknad.<\/p>\n<p>Friskv\u00e5rd och minska stressen p\u00e5 arbetet \u00e4r viktiga faktorer f\u00f6r en h\u00e5llbar arbetsmilj\u00f6.<\/p>\n<p>Att v\u00e5ra medarbetare har en bra balans mellan arbete och fritid \u00e4r viktigt f\u00f6r oss.<\/p>\n<p><strong>V\u00e5ra v\u00e4rdeord; Positiva, flexibla, Prestigel\u00f6sa och att vi v\u00e5gar skapar en arbetsmilj\u00f6 d\u00e4r det \u00e4r h\u00f6gt i tak och att alla i organisationen kan vara med att bidra och p\u00e5verka f\u00f6retagets riktning.<\/strong><\/p>\n<p><span style=\"font-size: 17px;\">Eyes4work \u00e4r med som utst\u00e4llare p\u00e5 Jobbfestivalen med Tema M\u00e5ngfald i Kungstr\u00e4dg\u00e5rden den 14 september.<\/span><\/p>\n<\/div>\t\t\t\t\t\t\t\t<\/div>\n\t\t\t\t<\/div>\n\t\t\t\t<div class=\"elementor-element elementor-element-36eb8cfa elementor-widget elementor-widget-heading\" data-id=\"36eb8cfa\" data-element_type=\"widget\" data-e-type=\"widget\" data-widget_type=\"heading.default\">\n\t\t\t\t<div class=\"elementor-widget-container\">\n\t\t\t\t\t<h2 class=\"elementor-heading-title elementor-size-default\">Dela inl\u00e4gget<\/h2>\t\t\t\t<\/div>\n\t\t\t\t<\/div>\n\t\t\t\t<div class=\"elementor-element elementor-element-5de85ca4 elementor-share-buttons--skin-framed elementor-share-buttons--view-icon-text elementor-share-buttons--shape-square elementor-grid-0 elementor-share-buttons--color-official elementor-widget elementor-widget-share-buttons\" data-id=\"5de85ca4\" data-element_type=\"widget\" data-e-type=\"widget\" data-widget_type=\"share-buttons.default\">\n\t\t\t\t<div class=\"elementor-widget-container\">\n\t\t\t\t\t\t\t<div class=\"elementor-grid\" role=\"list\">\n\t\t\t\t\t\t\t\t<div class=\"elementor-grid-item\" role=\"listitem\">\n\t\t\t\t\t\t<div class=\"elementor-share-btn elementor-share-btn_facebook\" role=\"button\" tabindex=\"0\" aria-label=\"Dela p\u00e5 facebook\">\n\t\t\t\t\t\t\t\t\t\t\t\t\t\t\t<span class=\"elementor-share-btn__icon\">\n\t\t\t\t\t\t\t\t<i class=\"fab fa-facebook\" aria-hidden=\"true\"><\/i>\t\t\t\t\t\t\t<\/span>\n\t\t\t\t\t\t\t\t\t\t\t\t\t\t\t\t\t\t\t\t\t\t<div class=\"elementor-share-btn__text\">\n\t\t\t\t\t\t\t\t\t\t\t\t\t\t\t\t\t\t\t<span class=\"elementor-share-btn__title\">\n\t\t\t\t\t\t\t\t\t\tFacebook\t\t\t\t\t\t\t\t\t<\/span>\n\t\t\t\t\t\t\t\t\t\t\t\t\t\t\t\t\t<\/div>\n\t\t\t\t\t\t\t\t\t\t\t\t\t<\/div>\n\t\t\t\t\t<\/div>\n\t\t\t\t\t\t\t\t\t<div class=\"elementor-grid-item\" role=\"listitem\">\n\t\t\t\t\t\t<div class=\"elementor-share-btn elementor-share-btn_twitter\" role=\"button\" tabindex=\"0\" aria-label=\"Dela p\u00e5 twitter\">\n\t\t\t\t\t\t\t\t\t\t\t\t\t\t\t<span class=\"elementor-share-btn__icon\">\n\t\t\t\t\t\t\t\t<i class=\"fab fa-twitter\" aria-hidden=\"true\"><\/i>\t\t\t\t\t\t\t<\/span>\n\t\t\t\t\t\t\t\t\t\t\t\t\t\t\t\t\t\t\t\t\t\t<div class=\"elementor-share-btn__text\">\n\t\t\t\t\t\t\t\t\t\t\t\t\t\t\t\t\t\t\t<span class=\"elementor-share-btn__title\">\n\t\t\t\t\t\t\t\t\t\tTwitter\t\t\t\t\t\t\t\t\t<\/span>\n\t\t\t\t\t\t\t\t\t\t\t\t\t\t\t\t\t<\/div>\n\t\t\t\t\t\t\t\t\t\t\t\t\t<\/div>\n\t\t\t\t\t<\/div>\n\t\t\t\t\t\t\t\t\t<div class=\"elementor-grid-item\" role=\"listitem\">\n\t\t\t\t\t\t<div class=\"elementor-share-btn elementor-share-btn_linkedin\" role=\"button\" tabindex=\"0\" aria-label=\"Dela p\u00e5 linkedin\">\n\t\t\t\t\t\t\t\t\t\t\t\t\t\t\t<span class=\"elementor-share-btn__icon\">\n\t\t\t\t\t\t\t\t<i class=\"fab fa-linkedin\" aria-hidden=\"true\"><\/i>\t\t\t\t\t\t\t<\/span>\n\t\t\t\t\t\t\t\t\t\t\t\t\t\t\t\t\t\t\t\t\t\t<div class=\"elementor-share-btn__text\">\n\t\t\t\t\t\t\t\t\t\t\t\t\t\t\t\t\t\t\t<span class=\"elementor-share-btn__title\">\n\t\t\t\t\t\t\t\t\t\tLinkedIn\t\t\t\t\t\t\t\t\t<\/span>\n\t\t\t\t\t\t\t\t\t\t\t\t\t\t\t\t\t<\/div>\n\t\t\t\t\t\t\t\t\t\t\t\t\t<\/div>\n\t\t\t\t\t<\/div>\n\t\t\t\t\t\t<\/div>\n\t\t\t\t\t\t<\/div>\n\t\t\t\t<\/div>\n\t\t\t\t<div class=\"elementor-element elementor-element-610ad619 elementor-widget elementor-widget-spacer\" data-id=\"610ad619\" data-element_type=\"widget\" data-e-type=\"widget\" data-widget_type=\"spacer.default\">\n\t\t\t\t<div class=\"elementor-widget-container\">\n\t\t\t\t\t\t\t<div class=\"elementor-spacer\">\n\t\t\t<div class=\"elementor-spacer-inner\"><\/div>\n\t\t<\/div>\n\t\t\t\t\t\t<\/div>\n\t\t\t\t<\/div>\n\t\t\t\t<section class=\"elementor-section elementor-inner-section elementor-element elementor-element-6cec77e elementor-section-boxed elementor-section-height-default elementor-section-height-default\" data-id=\"6cec77e\" data-element_type=\"section\" data-e-type=\"section\" data-settings=\"{&quot;background_motion_fx_translateX_effect&quot;:&quot;yes&quot;,&quot;background_motion_fx_translateX_direction&quot;:&quot;negative&quot;,&quot;background_motion_fx_translateX_speed&quot;:{&quot;unit&quot;:&quot;px&quot;,&quot;size&quot;:2.4,&quot;sizes&quot;:[]},&quot;background_motion_fx_translateX_affectedRange&quot;:{&quot;unit&quot;:&quot;%&quot;,&quot;size&quot;:&quot;&quot;,&quot;sizes&quot;:{&quot;start&quot;:0,&quot;end&quot;:100}},&quot;background_motion_fx_devices&quot;:[&quot;desktop&quot;,&quot;tablet&quot;,&quot;mobile&quot;]}\">\n\t\t\t\t\t\t\t<div class=\"elementor-background-overlay\"><\/div>\n\t\t\t\t\t\t\t<div class=\"elementor-container elementor-column-gap-default\">\n\t\t\t\t\t<div class=\"elementor-column elementor-col-50 elementor-inner-column elementor-element elementor-element-2fc0145c\" data-id=\"2fc0145c\" data-element_type=\"column\" data-e-type=\"column\">\n\t\t\t<div class=\"elementor-widget-wrap elementor-element-populated\">\n\t\t\t\t\t\t<div class=\"elementor-element elementor-element-2dfdb2cb elementor-widget elementor-widget-image\" data-id=\"2dfdb2cb\" data-element_type=\"widget\" data-e-type=\"widget\" data-widget_type=\"image.default\">\n\t\t\t\t<div class=\"elementor-widget-container\">\n\t\t\t\t\t\t\t\t\t\t\t\t\t\t\t<img decoding=\"async\" width=\"468\" height=\"117\" src=\"https:\/\/mentalfestivalen.se\/wp-content\/uploads\/2022\/03\/eyes.png\" class=\"attachment-large size-large wp-image-2514\" alt=\"\" srcset=\"https:\/\/mentalfestivalen.se\/wp-content\/uploads\/2022\/03\/eyes.png 468w, https:\/\/mentalfestivalen.se\/wp-content\/uploads\/2022\/03\/eyes-300x75.png 300w, https:\/\/mentalfestivalen.se\/wp-content\/uploads\/2022\/03\/eyes-18x5.png 18w\" sizes=\"(max-width: 468px) 100vw, 468px\" \/>\t\t\t\t\t\t\t\t\t\t\t\t\t\t\t<\/div>\n\t\t\t\t<\/div>\n\t\t\t\t\t<\/div>\n\t\t<\/div>\n\t\t\t\t<div class=\"elementor-column elementor-col-50 elementor-inner-column elementor-element elementor-element-355f27ad\" data-id=\"355f27ad\" data-element_type=\"column\" data-e-type=\"column\">\n\t\t\t<div class=\"elementor-widget-wrap elementor-element-populated\">\n\t\t\t\t\t\t<div class=\"elementor-element elementor-element-4e9a8a1b elementor-widget elementor-widget-text-editor\" data-id=\"4e9a8a1b\" data-element_type=\"widget\" data-e-type=\"widget\" data-widget_type=\"text-editor.default\">\n\t\t\t\t<div class=\"elementor-widget-container\">\n\t\t\t\t\t\t\t\t\tEyes4work startades 2018 med m\u00e5ls\u00e4ttningen att tillsammans med lokalt f\u00f6rankrad personal och samarbetspartners skapa effektiva kedjor d\u00e4r utbildning och matchning \u00e4r delar i den process som leder individen fram\u00e5t, mot ett nytt jobb eller vidare mot n\u00e4sta m\u00e5l.\t\t\t\t\t\t\t\t<\/div>\n\t\t\t\t<\/div>\n\t\t\t\t<div class=\"elementor-element elementor-element-15080d29 elementor-align-left elementor-widget elementor-widget-button\" data-id=\"15080d29\" data-element_type=\"widget\" data-e-type=\"widget\" data-widget_type=\"button.default\">\n\t\t\t\t<div class=\"elementor-widget-container\">\n\t\t\t\t\t\t\t\t\t<div class=\"elementor-button-wrapper\">\n\t\t\t\t\t<a class=\"elementor-button elementor-button-link elementor-size-sm\" href=\"https:\/\/www.eyes4work.se\/\" target=\"_blank\">\n\t\t\t\t\t\t<span class=\"elementor-button-content-wrapper\">\n\t\t\t\t\t\t\t\t\t<span class=\"elementor-button-text\">L\u00e4s mer<\/span>\n\t\t\t\t\t<\/span>\n\t\t\t\t\t<\/a>\n\t\t\t\t<\/div>\n\t\t\t\t\t\t\t\t<\/div>\n\t\t\t\t<\/div>\n\t\t\t\t\t<\/div>\n\t\t<\/div>\n\t\t\t\t\t<\/div>\n\t\t<\/section>\n\t\t\t\t<div class=\"elementor-element elementor-element-350a5da elementor-widget elementor-widget-spacer\" data-id=\"350a5da\" data-element_type=\"widget\" data-e-type=\"widget\" data-widget_type=\"spacer.default\">\n\t\t\t\t<div class=\"elementor-widget-container\">\n\t\t\t\t\t\t\t<div class=\"elementor-spacer\">\n\t\t\t<div class=\"elementor-spacer-inner\"><\/div>\n\t\t<\/div>\n\t\t\t\t\t\t<\/div>\n\t\t\t\t<\/div>\n\t\t\t\t<div class=\"elementor-element elementor-element-4a969889 elementor-widget elementor-widget-post-navigation\" data-id=\"4a969889\" data-element_type=\"widget\" data-e-type=\"widget\" data-widget_type=\"post-navigation.default\">\n\t\t\t\t<div class=\"elementor-widget-container\">\n\t\t\t\t\t\t\t<div class=\"elementor-post-navigation\" role=\"navigation\" aria-label=\"Post Navigation\">\n\t\t\t<div class=\"elementor-post-navigation__prev elementor-post-navigation__link\">\n\t\t\t\t<a href=\"https:\/\/mentalfestivalen.se\/en\/att-tillgangliggora-arbetsmarknaden-i-tre-steg\/\" rel=\"prev\"><span class=\"post-navigation__arrow-wrapper post-navigation__arrow-prev\"><i aria-hidden=\"true\" class=\"fas fa-angle-left\"><\/i><span class=\"elementor-screen-only\">Prev<\/span><\/span><span class=\"elementor-post-navigation__link__prev\"><span class=\"post-navigation__prev--label\">F\u00f6reg\u00e5ende<\/span><span class=\"post-navigation__prev--title\">Att tillg\u00e4ngligg\u00f6ra arbetsmarknaden i tre steg<\/span><\/span><\/a>\t\t\t<\/div>\n\t\t\t\t\t\t<div class=\"elementor-post-navigation__next elementor-post-navigation__link\">\n\t\t\t\t<a href=\"https:\/\/mentalfestivalen.se\/en\/rusta-och-matcha-ar-en-tjanst-dar-arbetsformedlingen-tillsammans-med-fristaende-aktorer-hjalper-arbetssokande-att-komma-ut-i-arbete\/\" rel=\"next\"><span class=\"elementor-post-navigation__link__next\"><span class=\"post-navigation__next--label\">N\u00e4sta<\/span><span class=\"post-navigation__next--title\">Rusta och matcha \u00e4r en tj\u00e4nst d\u00e4r Arbetsf\u00f6rmedlingen tillsammans med frist\u00e5ende akt\u00f6rer hj\u00e4lper arbetss\u00f6kande att komma ut i arbete.<\/span><\/span><span class=\"post-navigation__arrow-wrapper post-navigation__arrow-next\"><i aria-hidden=\"true\" class=\"fas fa-angle-right\"><\/i><span class=\"elementor-screen-only\">Next<\/span><\/span><\/a>\t\t\t<\/div>\n\t\t<\/div>\n\t\t\t\t\t\t<\/div>\n\t\t\t\t<\/div>\n\t\t\t\t<div class=\"elementor-element elementor-element-83f019a elementor-widget elementor-widget-spacer\" data-id=\"83f019a\" data-element_type=\"widget\" data-e-type=\"widget\" data-widget_type=\"spacer.default\">\n\t\t\t\t<div class=\"elementor-widget-container\">\n\t\t\t\t\t\t\t<div class=\"elementor-spacer\">\n\t\t\t<div class=\"elementor-spacer-inner\"><\/div>\n\t\t<\/div>\n\t\t\t\t\t\t<\/div>\n\t\t\t\t<\/div>\n\t\t\t\t<div class=\"elementor-element elementor-element-48471357 elementor-widget elementor-widget-spacer\" data-id=\"48471357\" data-element_type=\"widget\" data-e-type=\"widget\" data-widget_type=\"spacer.default\">\n\t\t\t\t<div class=\"elementor-widget-container\">\n\t\t\t\t\t\t\t<div class=\"elementor-spacer\">\n\t\t\t<div class=\"elementor-spacer-inner\"><\/div>\n\t\t<\/div>\n\t\t\t\t\t\t<\/div>\n\t\t\t\t<\/div>\n\t\t\t\t\t<\/div>\n\t\t<\/div>\n\t\t\t\t\t<\/div>\n\t\t<\/section>\n\t\t\t\t<\/div>\n\t\t","protected":false},"excerpt":{"rendered":"<p>I v\u00e5r&nbsp; g\u00e4stblogg ber\u00e4ttar Eyes4work om hur f\u00f6retaget vill fr\u00e4mja tillh\u00f6righet och inkludering. #1 Inkluderande arbetsmarknad Eyes4work vill fr\u00e4mja tillh\u00f6righet och inkludering. Vi arbetar f\u00f6r att minska utanf\u00f6rskap p\u00e5 arbetsmarknaden till att alla ska bli inkluderade. Genom att st\u00f6dja utvecklingen f\u00f6r var och en i samh\u00e4llet som beh\u00f6ver det kan vi tillsammans ta steget mot [&hellip;]<\/p>\n","protected":false},"author":8,"featured_media":2511,"comment_status":"open","ping_status":"closed","sticky":false,"template":"elementor_header_footer","format":"standard","meta":{"_acf_changed":false,"site-sidebar-layout":"default","site-content-layout":"","ast-site-content-layout":"default","site-content-style":"default","site-sidebar-style":"default","ast-global-header-display":"","ast-banner-title-visibility":"","ast-main-header-display":"","ast-hfb-above-header-display":"","ast-hfb-below-header-display":"","ast-hfb-mobile-header-display":"","site-post-title":"","ast-breadcrumbs-content":"","ast-featured-img":"","footer-sml-layout":"","ast-disable-related-posts":"","theme-transparent-header-meta":"","adv-header-id-meta":"","stick-header-meta":"","header-above-stick-meta":"","header-main-stick-meta":"","header-below-stick-meta":"","astra-migrate-meta-layouts":"default","ast-page-background-enabled":"default","ast-page-background-meta":{"desktop":{"background-color":"","background-image":"","background-repeat":"repeat","background-position":"center center","background-size":"auto","background-attachment":"scroll","background-type":"","background-media":"","overlay-type":"","overlay-color":"","overlay-opacity":"","overlay-gradient":""},"tablet":{"background-color":"","background-image":"","background-repeat":"repeat","background-position":"center center","background-size":"auto","background-attachment":"scroll","background-type":"","background-media":"","overlay-type":"","overlay-color":"","overlay-opacity":"","overlay-gradient":""},"mobile":{"background-color":"","background-image":"","background-repeat":"repeat","background-position":"center center","background-size":"auto","background-attachment":"scroll","background-type":"","background-media":"","overlay-type":"","overlay-color":"","overlay-opacity":"","overlay-gradient":""}},"ast-content-background-meta":{"desktop":{"background-color":"var(--ast-global-color-5)","background-image":"","background-repeat":"repeat","background-position":"center center","background-size":"auto","background-attachment":"scroll","background-type":"","background-media":"","overlay-type":"","overlay-color":"","overlay-opacity":"","overlay-gradient":""},"tablet":{"background-color":"var(--ast-global-color-5)","background-image":"","background-repeat":"repeat","background-position":"center center","background-size":"auto","background-attachment":"scroll","background-type":"","background-media":"","overlay-type":"","overlay-color":"","overlay-opacity":"","overlay-gradient":""},"mobile":{"background-color":"var(--ast-global-color-5)","background-image":"","background-repeat":"repeat","background-position":"center center","background-size":"auto","background-attachment":"scroll","background-type":"","background-media":"","overlay-type":"","overlay-color":"","overlay-opacity":"","overlay-gradient":""}},"footnotes":""},"categories":[44],"tags":[],"class_list":["post-2510","post","type-post","status-publish","format-standard","has-post-thumbnail","hentry","category-gastbloggare"],"acf":[],"yoast_head":"<!-- This site is optimized with the Yoast SEO plugin v27.5 - https:\/\/yoast.com\/product\/yoast-seo-wordpress\/ -->\n<title>Vi arbetar f\u00f6r att minska utanf\u00f6rskap p\u00e5 arbetsmarknaden till att alla ska bli inkluderade - Jobbfestivalen med tema m\u00e5ngfald<\/title>\n<meta name=\"robots\" content=\"index, follow, max-snippet:-1, max-image-preview:large, max-video-preview:-1\" \/>\n<link rel=\"canonical\" href=\"https:\/\/mentalfestivalen.se\/en\/vi-arbetar-for-att-minska-utanforskap-pa-arbetsmarknaden-till-att-alla-ska-bli-inkluderade\/\" \/>\n<meta property=\"og:locale\" content=\"en_GB\" \/>\n<meta property=\"og:type\" content=\"article\" \/>\n<meta property=\"og:title\" content=\"Vi arbetar f\u00f6r att minska utanf\u00f6rskap p\u00e5 arbetsmarknaden till att alla ska bli inkluderade - Jobbfestivalen med tema m\u00e5ngfald\" \/>\n<meta property=\"og:description\" content=\"I v\u00e5r&nbsp; g\u00e4stblogg ber\u00e4ttar Eyes4work om hur f\u00f6retaget vill fr\u00e4mja tillh\u00f6righet och inkludering. #1 Inkluderande arbetsmarknad Eyes4work vill fr\u00e4mja tillh\u00f6righet och inkludering. Vi arbetar f\u00f6r att minska utanf\u00f6rskap p\u00e5 arbetsmarknaden till att alla ska bli inkluderade. Genom att st\u00f6dja utvecklingen f\u00f6r var och en i samh\u00e4llet som beh\u00f6ver det kan vi tillsammans ta steget mot [&hellip;]\" \/>\n<meta property=\"og:url\" content=\"https:\/\/mentalfestivalen.se\/en\/vi-arbetar-for-att-minska-utanforskap-pa-arbetsmarknaden-till-att-alla-ska-bli-inkluderade\/\" \/>\n<meta property=\"og:site_name\" content=\"Mentalfestivalen\" \/>\n<meta property=\"article:published_time\" content=\"2022-03-10T09:48:55+00:00\" \/>\n<meta property=\"article:modified_time\" content=\"2022-03-21T17:40:36+00:00\" \/>\n<meta property=\"og:image\" content=\"https:\/\/mentalfestivalen.se\/wp-content\/uploads\/2022\/03\/Vi-kan-arbetsmarknaden-Branschen-1-1024x645.png\" \/>\n\t<meta property=\"og:image:width\" content=\"1024\" \/>\n\t<meta property=\"og:image:height\" content=\"645\" \/>\n\t<meta property=\"og:image:type\" content=\"image\/png\" \/>\n<meta name=\"author\" content=\"Mats Wernheim\" \/>\n<meta name=\"twitter:card\" content=\"summary_large_image\" \/>\n<meta name=\"twitter:label1\" content=\"Written by\" \/>\n\t<meta name=\"twitter:data1\" content=\"Mats Wernheim\" \/>\n\t<meta name=\"twitter:label2\" content=\"Estimated reading time\" \/>\n\t<meta name=\"twitter:data2\" content=\"4 minutes\" \/>\n<script type=\"application\/ld+json\" class=\"yoast-schema-graph\">{\"@context\":\"https:\\\/\\\/schema.org\",\"@graph\":[{\"@type\":\"Article\",\"@id\":\"https:\\\/\\\/mentalfestivalen.se\\\/en\\\/vi-arbetar-for-att-minska-utanforskap-pa-arbetsmarknaden-till-att-alla-ska-bli-inkluderade\\\/#article\",\"isPartOf\":{\"@id\":\"https:\\\/\\\/mentalfestivalen.se\\\/en\\\/vi-arbetar-for-att-minska-utanforskap-pa-arbetsmarknaden-till-att-alla-ska-bli-inkluderade\\\/\"},\"author\":{\"name\":\"Mats Wernheim\",\"@id\":\"https:\\\/\\\/mentalfestivalen.se\\\/#\\\/schema\\\/person\\\/fd3aa9db8400922d5c75a9dc444153ba\"},\"headline\":\"Vi arbetar f\u00f6r att minska utanf\u00f6rskap p\u00e5 arbetsmarknaden till att alla ska bli inkluderade\",\"datePublished\":\"2022-03-10T09:48:55+00:00\",\"dateModified\":\"2022-03-21T17:40:36+00:00\",\"mainEntityOfPage\":{\"@id\":\"https:\\\/\\\/mentalfestivalen.se\\\/en\\\/vi-arbetar-for-att-minska-utanforskap-pa-arbetsmarknaden-till-att-alla-ska-bli-inkluderade\\\/\"},\"wordCount\":617,\"commentCount\":0,\"image\":{\"@id\":\"https:\\\/\\\/mentalfestivalen.se\\\/en\\\/vi-arbetar-for-att-minska-utanforskap-pa-arbetsmarknaden-till-att-alla-ska-bli-inkluderade\\\/#primaryimage\"},\"thumbnailUrl\":\"https:\\\/\\\/mentalfestivalen.se\\\/wp-content\\\/uploads\\\/2022\\\/03\\\/Vi-kan-arbetsmarknaden-Branschen-1.png\",\"articleSection\":[\"G\u00e4stbloggare\"],\"inLanguage\":\"en-GB\",\"potentialAction\":[{\"@type\":\"CommentAction\",\"name\":\"Comment\",\"target\":[\"https:\\\/\\\/mentalfestivalen.se\\\/en\\\/vi-arbetar-for-att-minska-utanforskap-pa-arbetsmarknaden-till-att-alla-ska-bli-inkluderade\\\/#respond\"]}]},{\"@type\":\"WebPage\",\"@id\":\"https:\\\/\\\/mentalfestivalen.se\\\/en\\\/vi-arbetar-for-att-minska-utanforskap-pa-arbetsmarknaden-till-att-alla-ska-bli-inkluderade\\\/\",\"url\":\"https:\\\/\\\/mentalfestivalen.se\\\/en\\\/vi-arbetar-for-att-minska-utanforskap-pa-arbetsmarknaden-till-att-alla-ska-bli-inkluderade\\\/\",\"name\":\"Vi arbetar f\u00f6r att minska utanf\u00f6rskap p\u00e5 arbetsmarknaden till att alla ska bli inkluderade - Jobbfestivalen med tema m\u00e5ngfald\",\"isPartOf\":{\"@id\":\"https:\\\/\\\/mentalfestivalen.se\\\/#website\"},\"primaryImageOfPage\":{\"@id\":\"https:\\\/\\\/mentalfestivalen.se\\\/en\\\/vi-arbetar-for-att-minska-utanforskap-pa-arbetsmarknaden-till-att-alla-ska-bli-inkluderade\\\/#primaryimage\"},\"image\":{\"@id\":\"https:\\\/\\\/mentalfestivalen.se\\\/en\\\/vi-arbetar-for-att-minska-utanforskap-pa-arbetsmarknaden-till-att-alla-ska-bli-inkluderade\\\/#primaryimage\"},\"thumbnailUrl\":\"https:\\\/\\\/mentalfestivalen.se\\\/wp-content\\\/uploads\\\/2022\\\/03\\\/Vi-kan-arbetsmarknaden-Branschen-1.png\",\"datePublished\":\"2022-03-10T09:48:55+00:00\",\"dateModified\":\"2022-03-21T17:40:36+00:00\",\"author\":{\"@id\":\"https:\\\/\\\/mentalfestivalen.se\\\/#\\\/schema\\\/person\\\/fd3aa9db8400922d5c75a9dc444153ba\"},\"breadcrumb\":{\"@id\":\"https:\\\/\\\/mentalfestivalen.se\\\/en\\\/vi-arbetar-for-att-minska-utanforskap-pa-arbetsmarknaden-till-att-alla-ska-bli-inkluderade\\\/#breadcrumb\"},\"inLanguage\":\"en-GB\",\"potentialAction\":[{\"@type\":\"ReadAction\",\"target\":[\"https:\\\/\\\/mentalfestivalen.se\\\/en\\\/vi-arbetar-for-att-minska-utanforskap-pa-arbetsmarknaden-till-att-alla-ska-bli-inkluderade\\\/\"]}]},{\"@type\":\"ImageObject\",\"inLanguage\":\"en-GB\",\"@id\":\"https:\\\/\\\/mentalfestivalen.se\\\/en\\\/vi-arbetar-for-att-minska-utanforskap-pa-arbetsmarknaden-till-att-alla-ska-bli-inkluderade\\\/#primaryimage\",\"url\":\"https:\\\/\\\/mentalfestivalen.se\\\/wp-content\\\/uploads\\\/2022\\\/03\\\/Vi-kan-arbetsmarknaden-Branschen-1.png\",\"contentUrl\":\"https:\\\/\\\/mentalfestivalen.se\\\/wp-content\\\/uploads\\\/2022\\\/03\\\/Vi-kan-arbetsmarknaden-Branschen-1.png\",\"width\":2000,\"height\":1260},{\"@type\":\"BreadcrumbList\",\"@id\":\"https:\\\/\\\/mentalfestivalen.se\\\/en\\\/vi-arbetar-for-att-minska-utanforskap-pa-arbetsmarknaden-till-att-alla-ska-bli-inkluderade\\\/#breadcrumb\",\"itemListElement\":[{\"@type\":\"ListItem\",\"position\":1,\"name\":\"Hem\",\"item\":\"https:\\\/\\\/mentalfestivalen.se\\\/\"},{\"@type\":\"ListItem\",\"position\":2,\"name\":\"Vi arbetar f\u00f6r att minska utanf\u00f6rskap p\u00e5 arbetsmarknaden till att alla ska bli inkluderade\"}]},{\"@type\":\"WebSite\",\"@id\":\"https:\\\/\\\/mentalfestivalen.se\\\/#website\",\"url\":\"https:\\\/\\\/mentalfestivalen.se\\\/\",\"name\":\"Mentalfestivalen\",\"description\":\"Mentalfestivalen\",\"potentialAction\":[{\"@type\":\"SearchAction\",\"target\":{\"@type\":\"EntryPoint\",\"urlTemplate\":\"https:\\\/\\\/mentalfestivalen.se\\\/?s={search_term_string}\"},\"query-input\":{\"@type\":\"PropertyValueSpecification\",\"valueRequired\":true,\"valueName\":\"search_term_string\"}}],\"inLanguage\":\"en-GB\"},{\"@type\":\"Person\",\"@id\":\"https:\\\/\\\/mentalfestivalen.se\\\/#\\\/schema\\\/person\\\/fd3aa9db8400922d5c75a9dc444153ba\",\"name\":\"Mats Wernheim\",\"image\":{\"@type\":\"ImageObject\",\"inLanguage\":\"en-GB\",\"@id\":\"https:\\\/\\\/secure.gravatar.com\\\/avatar\\\/9109ed7993734bce8a4fd7ce45fd76ee8608790e024ae80ea4a7ddd09e3af807?s=96&d=mm&r=g\",\"url\":\"https:\\\/\\\/secure.gravatar.com\\\/avatar\\\/9109ed7993734bce8a4fd7ce45fd76ee8608790e024ae80ea4a7ddd09e3af807?s=96&d=mm&r=g\",\"contentUrl\":\"https:\\\/\\\/secure.gravatar.com\\\/avatar\\\/9109ed7993734bce8a4fd7ce45fd76ee8608790e024ae80ea4a7ddd09e3af807?s=96&d=mm&r=g\",\"caption\":\"Mats Wernheim\"},\"url\":\"https:\\\/\\\/mentalfestivalen.se\\\/en\\\/author\\\/mats-wernheimvile-se\\\/\"}]}<\/script>\n<!-- \/ Yoast SEO plugin. -->","yoast_head_json":{"title":"Vi arbetar f\u00f6r att minska utanf\u00f6rskap p\u00e5 arbetsmarknaden till att alla ska bli inkluderade - Jobbfestivalen med tema m\u00e5ngfald","robots":{"index":"index","follow":"follow","max-snippet":"max-snippet:-1","max-image-preview":"max-image-preview:large","max-video-preview":"max-video-preview:-1"},"canonical":"https:\/\/mentalfestivalen.se\/en\/vi-arbetar-for-att-minska-utanforskap-pa-arbetsmarknaden-till-att-alla-ska-bli-inkluderade\/","og_locale":"en_GB","og_type":"article","og_title":"Vi arbetar f\u00f6r att minska utanf\u00f6rskap p\u00e5 arbetsmarknaden till att alla ska bli inkluderade - Jobbfestivalen med tema m\u00e5ngfald","og_description":"I v\u00e5r&nbsp; g\u00e4stblogg ber\u00e4ttar Eyes4work om hur f\u00f6retaget vill fr\u00e4mja tillh\u00f6righet och inkludering. #1 Inkluderande arbetsmarknad Eyes4work vill fr\u00e4mja tillh\u00f6righet och inkludering. Vi arbetar f\u00f6r att minska utanf\u00f6rskap p\u00e5 arbetsmarknaden till att alla ska bli inkluderade. Genom att st\u00f6dja utvecklingen f\u00f6r var och en i samh\u00e4llet som beh\u00f6ver det kan vi tillsammans ta steget mot [&hellip;]","og_url":"https:\/\/mentalfestivalen.se\/en\/vi-arbetar-for-att-minska-utanforskap-pa-arbetsmarknaden-till-att-alla-ska-bli-inkluderade\/","og_site_name":"Mentalfestivalen","article_published_time":"2022-03-10T09:48:55+00:00","article_modified_time":"2022-03-21T17:40:36+00:00","og_image":[{"width":1024,"height":645,"url":"https:\/\/mentalfestivalen.se\/wp-content\/uploads\/2022\/03\/Vi-kan-arbetsmarknaden-Branschen-1-1024x645.png","type":"image\/png"}],"author":"Mats Wernheim","twitter_card":"summary_large_image","twitter_misc":{"Written by":"Mats Wernheim","Estimated reading time":"4 minutes"},"schema":{"@context":"https:\/\/schema.org","@graph":[{"@type":"Article","@id":"https:\/\/mentalfestivalen.se\/en\/vi-arbetar-for-att-minska-utanforskap-pa-arbetsmarknaden-till-att-alla-ska-bli-inkluderade\/#article","isPartOf":{"@id":"https:\/\/mentalfestivalen.se\/en\/vi-arbetar-for-att-minska-utanforskap-pa-arbetsmarknaden-till-att-alla-ska-bli-inkluderade\/"},"author":{"name":"Mats Wernheim","@id":"https:\/\/mentalfestivalen.se\/#\/schema\/person\/fd3aa9db8400922d5c75a9dc444153ba"},"headline":"Vi arbetar f\u00f6r att minska utanf\u00f6rskap p\u00e5 arbetsmarknaden till att alla ska bli inkluderade","datePublished":"2022-03-10T09:48:55+00:00","dateModified":"2022-03-21T17:40:36+00:00","mainEntityOfPage":{"@id":"https:\/\/mentalfestivalen.se\/en\/vi-arbetar-for-att-minska-utanforskap-pa-arbetsmarknaden-till-att-alla-ska-bli-inkluderade\/"},"wordCount":617,"commentCount":0,"image":{"@id":"https:\/\/mentalfestivalen.se\/en\/vi-arbetar-for-att-minska-utanforskap-pa-arbetsmarknaden-till-att-alla-ska-bli-inkluderade\/#primaryimage"},"thumbnailUrl":"https:\/\/mentalfestivalen.se\/wp-content\/uploads\/2022\/03\/Vi-kan-arbetsmarknaden-Branschen-1.png","articleSection":["G\u00e4stbloggare"],"inLanguage":"en-GB","potentialAction":[{"@type":"CommentAction","name":"Comment","target":["https:\/\/mentalfestivalen.se\/en\/vi-arbetar-for-att-minska-utanforskap-pa-arbetsmarknaden-till-att-alla-ska-bli-inkluderade\/#respond"]}]},{"@type":"WebPage","@id":"https:\/\/mentalfestivalen.se\/en\/vi-arbetar-for-att-minska-utanforskap-pa-arbetsmarknaden-till-att-alla-ska-bli-inkluderade\/","url":"https:\/\/mentalfestivalen.se\/en\/vi-arbetar-for-att-minska-utanforskap-pa-arbetsmarknaden-till-att-alla-ska-bli-inkluderade\/","name":"Vi arbetar f\u00f6r att minska utanf\u00f6rskap p\u00e5 arbetsmarknaden till att alla ska bli inkluderade - Jobbfestivalen med tema m\u00e5ngfald","isPartOf":{"@id":"https:\/\/mentalfestivalen.se\/#website"},"primaryImageOfPage":{"@id":"https:\/\/mentalfestivalen.se\/en\/vi-arbetar-for-att-minska-utanforskap-pa-arbetsmarknaden-till-att-alla-ska-bli-inkluderade\/#primaryimage"},"image":{"@id":"https:\/\/mentalfestivalen.se\/en\/vi-arbetar-for-att-minska-utanforskap-pa-arbetsmarknaden-till-att-alla-ska-bli-inkluderade\/#primaryimage"},"thumbnailUrl":"https:\/\/mentalfestivalen.se\/wp-content\/uploads\/2022\/03\/Vi-kan-arbetsmarknaden-Branschen-1.png","datePublished":"2022-03-10T09:48:55+00:00","dateModified":"2022-03-21T17:40:36+00:00","author":{"@id":"https:\/\/mentalfestivalen.se\/#\/schema\/person\/fd3aa9db8400922d5c75a9dc444153ba"},"breadcrumb":{"@id":"https:\/\/mentalfestivalen.se\/en\/vi-arbetar-for-att-minska-utanforskap-pa-arbetsmarknaden-till-att-alla-ska-bli-inkluderade\/#breadcrumb"},"inLanguage":"en-GB","potentialAction":[{"@type":"ReadAction","target":["https:\/\/mentalfestivalen.se\/en\/vi-arbetar-for-att-minska-utanforskap-pa-arbetsmarknaden-till-att-alla-ska-bli-inkluderade\/"]}]},{"@type":"ImageObject","inLanguage":"en-GB","@id":"https:\/\/mentalfestivalen.se\/en\/vi-arbetar-for-att-minska-utanforskap-pa-arbetsmarknaden-till-att-alla-ska-bli-inkluderade\/#primaryimage","url":"https:\/\/mentalfestivalen.se\/wp-content\/uploads\/2022\/03\/Vi-kan-arbetsmarknaden-Branschen-1.png","contentUrl":"https:\/\/mentalfestivalen.se\/wp-content\/uploads\/2022\/03\/Vi-kan-arbetsmarknaden-Branschen-1.png","width":2000,"height":1260},{"@type":"BreadcrumbList","@id":"https:\/\/mentalfestivalen.se\/en\/vi-arbetar-for-att-minska-utanforskap-pa-arbetsmarknaden-till-att-alla-ska-bli-inkluderade\/#breadcrumb","itemListElement":[{"@type":"ListItem","position":1,"name":"Hem","item":"https:\/\/mentalfestivalen.se\/"},{"@type":"ListItem","position":2,"name":"Vi arbetar f\u00f6r att minska utanf\u00f6rskap p\u00e5 arbetsmarknaden till att alla ska bli inkluderade"}]},{"@type":"WebSite","@id":"https:\/\/mentalfestivalen.se\/#website","url":"https:\/\/mentalfestivalen.se\/","name":"Mentalfestivalen","description":"Mentalfestivalen","potentialAction":[{"@type":"SearchAction","target":{"@type":"EntryPoint","urlTemplate":"https:\/\/mentalfestivalen.se\/?s={search_term_string}"},"query-input":{"@type":"PropertyValueSpecification","valueRequired":true,"valueName":"search_term_string"}}],"inLanguage":"en-GB"},{"@type":"Person","@id":"https:\/\/mentalfestivalen.se\/#\/schema\/person\/fd3aa9db8400922d5c75a9dc444153ba","name":"Mats Wernheim","image":{"@type":"ImageObject","inLanguage":"en-GB","@id":"https:\/\/secure.gravatar.com\/avatar\/9109ed7993734bce8a4fd7ce45fd76ee8608790e024ae80ea4a7ddd09e3af807?s=96&d=mm&r=g","url":"https:\/\/secure.gravatar.com\/avatar\/9109ed7993734bce8a4fd7ce45fd76ee8608790e024ae80ea4a7ddd09e3af807?s=96&d=mm&r=g","contentUrl":"https:\/\/secure.gravatar.com\/avatar\/9109ed7993734bce8a4fd7ce45fd76ee8608790e024ae80ea4a7ddd09e3af807?s=96&d=mm&r=g","caption":"Mats Wernheim"},"url":"https:\/\/mentalfestivalen.se\/en\/author\/mats-wernheimvile-se\/"}]}},"_links":{"self":[{"href":"https:\/\/mentalfestivalen.se\/en\/wp-json\/wp\/v2\/posts\/2510","targetHints":{"allow":["GET"]}}],"collection":[{"href":"https:\/\/mentalfestivalen.se\/en\/wp-json\/wp\/v2\/posts"}],"about":[{"href":"https:\/\/mentalfestivalen.se\/en\/wp-json\/wp\/v2\/types\/post"}],"author":[{"embeddable":true,"href":"https:\/\/mentalfestivalen.se\/en\/wp-json\/wp\/v2\/users\/8"}],"replies":[{"embeddable":true,"href":"https:\/\/mentalfestivalen.se\/en\/wp-json\/wp\/v2\/comments?post=2510"}],"version-history":[{"count":0,"href":"https:\/\/mentalfestivalen.se\/en\/wp-json\/wp\/v2\/posts\/2510\/revisions"}],"wp:featuredmedia":[{"embeddable":true,"href":"https:\/\/mentalfestivalen.se\/en\/wp-json\/wp\/v2\/media\/2511"}],"wp:attachment":[{"href":"https:\/\/mentalfestivalen.se\/en\/wp-json\/wp\/v2\/media?parent=2510"}],"wp:term":[{"taxonomy":"category","embeddable":true,"href":"https:\/\/mentalfestivalen.se\/en\/wp-json\/wp\/v2\/categories?post=2510"},{"taxonomy":"post_tag","embeddable":true,"href":"https:\/\/mentalfestivalen.se\/en\/wp-json\/wp\/v2\/tags?post=2510"}],"curies":[{"name":"wp","href":"https:\/\/api.w.org\/{rel}","templated":true}]}}