{"id":2486,"date":"2022-03-10T09:24:26","date_gmt":"2022-03-10T09:24:26","guid":{"rendered":"https:\/\/mentalfestivalen.se\/?p=2486"},"modified":"2022-03-10T09:37:35","modified_gmt":"2022-03-10T09:37:35","slug":"att-tillgangliggora-arbetsmarknaden-i-tre-steg","status":"publish","type":"post","link":"https:\/\/mentalfestivalen.se\/en\/att-tillgangliggora-arbetsmarknaden-i-tre-steg\/","title":{"rendered":"Att tillg\u00e4ngligg\u00f6ra arbetsmarknaden i tre steg"},"content":{"rendered":"\t\t<div data-elementor-type=\"wp-post\" data-elementor-id=\"2486\" class=\"elementor elementor-2486\" data-elementor-post-type=\"post\">\n\t\t\t\t\t\t<section class=\"elementor-section elementor-top-section elementor-element elementor-element-c196256 elementor-section-boxed elementor-section-height-default elementor-section-height-default\" data-id=\"c196256\" data-element_type=\"section\" data-e-type=\"section\">\n\t\t\t\t\t\t<div class=\"elementor-container elementor-column-gap-default\">\n\t\t\t\t\t<div class=\"elementor-column elementor-col-100 elementor-top-column elementor-element elementor-element-29857a8\" data-id=\"29857a8\" data-element_type=\"column\" data-e-type=\"column\">\n\t\t\t<div class=\"elementor-widget-wrap elementor-element-populated\">\n\t\t\t\t\t\t<div class=\"elementor-element elementor-element-1f39de4 elementor-widget elementor-widget-image\" data-id=\"1f39de4\" data-element_type=\"widget\" data-e-type=\"widget\" data-widget_type=\"image.default\">\n\t\t\t\t<div class=\"elementor-widget-container\">\n\t\t\t\t\t\t\t\t\t\t\t\t\t\t\t<img fetchpriority=\"high\" decoding=\"async\" width=\"1024\" height=\"645\" src=\"https:\/\/mentalfestivalen.se\/wp-content\/uploads\/2022\/03\/Vi-kan-arbetsmarknaden-Branschen-1024x645.png\" class=\"attachment-large size-large wp-image-2487\" alt=\"\" srcset=\"https:\/\/mentalfestivalen.se\/wp-content\/uploads\/2022\/03\/Vi-kan-arbetsmarknaden-Branschen-1024x645.png 1024w, https:\/\/mentalfestivalen.se\/wp-content\/uploads\/2022\/03\/Vi-kan-arbetsmarknaden-Branschen-300x189.png 300w, https:\/\/mentalfestivalen.se\/wp-content\/uploads\/2022\/03\/Vi-kan-arbetsmarknaden-Branschen-768x484.png 768w, https:\/\/mentalfestivalen.se\/wp-content\/uploads\/2022\/03\/Vi-kan-arbetsmarknaden-Branschen-1536x968.png 1536w, https:\/\/mentalfestivalen.se\/wp-content\/uploads\/2022\/03\/Vi-kan-arbetsmarknaden-Branschen-18x12.png 18w, https:\/\/mentalfestivalen.se\/wp-content\/uploads\/2022\/03\/Vi-kan-arbetsmarknaden-Branschen.png 2000w\" sizes=\"(max-width: 1024px) 100vw, 1024px\" \/>\t\t\t\t\t\t\t\t\t\t\t\t\t\t\t<\/div>\n\t\t\t\t<\/div>\n\t\t\t\t<div class=\"elementor-element elementor-element-2ae3636 elementor-widget elementor-widget-spacer\" data-id=\"2ae3636\" data-element_type=\"widget\" data-e-type=\"widget\" data-widget_type=\"spacer.default\">\n\t\t\t\t<div class=\"elementor-widget-container\">\n\t\t\t\t\t\t\t<div class=\"elementor-spacer\">\n\t\t\t<div class=\"elementor-spacer-inner\"><\/div>\n\t\t<\/div>\n\t\t\t\t\t\t<\/div>\n\t\t\t\t<\/div>\n\t\t\t\t\t<\/div>\n\t\t<\/div>\n\t\t\t\t\t<\/div>\n\t\t<\/section>\n\t\t\t\t<section class=\"elementor-section elementor-top-section elementor-element elementor-element-79972fb elementor-section-boxed elementor-section-height-default elementor-section-height-default\" data-id=\"79972fb\" data-element_type=\"section\" data-e-type=\"section\">\n\t\t\t\t\t\t<div class=\"elementor-container elementor-column-gap-default\">\n\t\t\t\t\t<div class=\"elementor-column elementor-col-100 elementor-top-column elementor-element elementor-element-1052c0b\" data-id=\"1052c0b\" data-element_type=\"column\" data-e-type=\"column\">\n\t\t\t<div class=\"elementor-widget-wrap elementor-element-populated\">\n\t\t\t\t\t\t<div class=\"elementor-element elementor-element-22215d8f elementor-align-left elementor-widget elementor-widget-post-info\" data-id=\"22215d8f\" data-element_type=\"widget\" data-e-type=\"widget\" data-widget_type=\"post-info.default\">\n\t\t\t\t<div class=\"elementor-widget-container\">\n\t\t\t\t\t\t\t<ul class=\"elementor-inline-items elementor-icon-list-items elementor-post-info\">\n\t\t\t\t\t\t\t\t<li class=\"elementor-icon-list-item elementor-repeater-item-8b25022 elementor-inline-item\" itemprop=\"datePublished\">\n\t\t\t\t\t\t<a href=\"https:\/\/mentalfestivalen.se\/en\/2022\/03\/10\/\">\n\t\t\t\t\t\t\t\t\t\t\t<span class=\"elementor-icon-list-icon\">\n\t\t\t\t\t\t\t\t<i aria-hidden=\"true\" class=\"fas fa-calendar\"><\/i>\t\t\t\t\t\t\t<\/span>\n\t\t\t\t\t\t\t\t\t<span class=\"elementor-icon-list-text elementor-post-info__item elementor-post-info__item--type-date\">\n\t\t\t\t\t\t\t<span class=\"elementor-post-info__item-prefix\">Publicerad<\/span>\n\t\t\t\t\t\t\t\t\t\t<time>10 March, 2022<\/time>\t\t\t\t\t<\/span>\n\t\t\t\t\t\t\t\t\t<\/a>\n\t\t\t\t<\/li>\n\t\t\t\t<\/ul>\n\t\t\t\t\t\t<\/div>\n\t\t\t\t<\/div>\n\t\t\t\t<div class=\"elementor-element elementor-element-3f50e004 elementor-invisible elementor-widget elementor-widget-heading\" data-id=\"3f50e004\" data-element_type=\"widget\" data-e-type=\"widget\" data-settings=\"{&quot;_animation&quot;:&quot;fadeIn&quot;}\" data-widget_type=\"heading.default\">\n\t\t\t\t<div class=\"elementor-widget-container\">\n\t\t\t\t\t<h2 class=\"elementor-heading-title elementor-size-default\">Att tillg\u00e4ngligg\u00f6ra arbetsmarknaden i tre steg<\/h2>\t\t\t\t<\/div>\n\t\t\t\t<\/div>\n\t\t\t\t<div class=\"elementor-element elementor-element-7e3d82a elementor-widget elementor-widget-text-editor\" data-id=\"7e3d82a\" data-element_type=\"widget\" data-e-type=\"widget\" data-widget_type=\"text-editor.default\">\n\t\t\t\t<div class=\"elementor-widget-container\">\n\t\t\t\t\t\t\t\t\t<p><strong>I v\u00e5r g\u00e4stblogg ber\u00e4ttar Curonova om hur f\u00f6retaget f\u00f6ddes ur en vilja att g\u00f6ra arbetsmarknaden mer tillg\u00e4nglig.<\/strong><\/p><div class=\"panel__text\"><p>Curonova bildades 2014, och jobbade de f\u00f6rsta \u00e5ren prim\u00e4rt med att erbjuda v\u00e5ra tj\u00e4nster till trygghetsfonden TSL. Ut\u00f6ver detta arbetade bolaget en del med outplacement, d\u00e5 riktat till bolag och individer som beh\u00f6ver hitta en l\u00f6sning som inneb\u00e4r att de g\u00e5r skilda v\u00e4gar p\u00e5 ett s\u00e4tt som funkar bra f\u00f6r b\u00e5da parter.<\/p><p>2017 gick Curonova p\u00e5 allvar in som leverant\u00f6r till arbetsf\u00f6rmedlingen, och har sedan dess vuxit i b\u00e5de antal deltagare, kontor och personal. Vi \u00e4r idag en av de st\u00f6rre leverant\u00f6rerna av programmet Rusta och Matcha, vilket \u00e4r en av de tj\u00e4nster som Arbetsf\u00f6rmedlingen upphandlar av oss kompletterande akt\u00f6rer. Vi arbetar \u00e4ven fortsatt med b\u00e5de TSL och outplacement.<\/p><p>Curonova finns idag \u00f6ver hela landet, med kontor fr\u00e5n Kiruna hela v\u00e4gen till Malm\u00f6. \u00d6ver 150 personer arbetar idag inom bolaget, och p\u00e5 grund utav v\u00e5r snabba tillv\u00e4xt har vi i \u00e5r kommit till final i Branschens utn\u00e4mning av \u201d\u00e5rets raket\u201d till Recruitment Awards 2022 \u2013 kul, tycker vi!<\/p><p><strong>Curonova g\u00f6r arbetsmarknaden tillg\u00e4nglig<\/strong><\/p><p>Hur kommer det sig att Curonova lyckats s\u00e5 bra med sin vision att hj\u00e4lpa fler m\u00e4nniskor ut p\u00e5 arbetsmarknaden? Vi tror att svaret stavas\u00a0<em>tillg\u00e4nglighet<\/em>. V\u00e5rt m\u00e5l \u00e4r att f\u00e5nga upp alla beg\u00e5vade m\u00e4nniskor som finns d\u00e4r ute men som av olika sk\u00e4l ramlat mellan stolarna \u2013 och f\u00f6r att f\u00e5nga upp dem m\u00e5ste vi f\u00f6rst n\u00e5 dem!<\/p><p>Vi tror att ett tillg\u00e4ngligg\u00f6rande av st\u00f6d f\u00f6r arbetss\u00f6kande idag beh\u00f6ver angripas p\u00e5 tre olika s\u00e4tt:<\/p><p>Till att b\u00f6rja med beh\u00f6ver vi aktivt jobba med att minska spr\u00e5kbarri\u00e4ren. M\u00e5nga som idag st\u00e5r utanf\u00f6r arbetsmarknaden har inte svenska som modersm\u00e5l, och en sv\u00e5righet att f\u00f6rst\u00e5 och g\u00f6ra sig f\u00f6rst\u00e5dd \u00e4r en utav de mest basala sk\u00e4len till att en verksamhet kan s\u00e4gas vara otillg\u00e4nglig. F\u00f6r att icke svensktalande ska f\u00e5 goda f\u00f6ruts\u00e4ttningar att ta sig ut p\u00e5 arbetsmarknaden \u00e4r det av h\u00f6gsta vikt att de tj\u00e4nster som finns tar h\u00e4nsyn till m\u00e5ngspr\u00e5kigheten hos arbetss\u00f6kande. Vi p\u00e5 Curonova tar fasta p\u00e5 denna problematik och erbjuder idag deltagare st\u00f6d p\u00e5 \u00f6ver 25 spr\u00e5k, b\u00e5de via flerspr\u00e5kiga Matchare och via externa spr\u00e5kst\u00f6d.<\/p><p>F\u00f6r det andra m\u00e5ste vi prioritera att i h\u00f6gsta m\u00f6jliga m\u00e5n vara fysiskt n\u00e4rvarande. Curonova har f\u00f6r tillf\u00e4llet \u00f6ver 100 kontor i hela Sverige, vilket m\u00f6jligg\u00f6r att v\u00e5ra deltagare allt som oftast har ett lokalt kontor dit de kan g\u00e5 och tr\u00e4ffa sin Matchare i person. Det h\u00e4nder n\u00e5got n\u00e4r vi f\u00e5r sitta i samma rum med varandra, och det \u00e4r inte alltid ett personligt st\u00f6d f\u00e5r samma effekt via l\u00e4nk.<\/p><p>Samtidigt \u00e4r vi v\u00e4l medvetna om att v\u00e5ra liv blir alltmer digitala, och en sista essentiell del av att vara tillg\u00e4ngliga \u00e4r d\u00e4rf\u00f6r att vara digitalt tillg\u00e4ngliga. F\u00f6r oss inneb\u00e4r det ett fokus p\u00e5 digitala resurser s\u00e5som att erbjuda seminarier och workshops via\u00a0<a href=\"https:\/\/curonova.tv\/\" target=\"_blank\" rel=\"nofollow noopener\">curonova.tv<\/a>, att l\u00e4gga ut uppbyggande och hj\u00e4lpsamt material i v\u00e5r tidning\u00a0<a href=\"https:\/\/www.curonova.se\/jobbnytt\" target=\"_blank\" rel=\"nofollow noopener\">Jobbnytt<\/a>, och ge v\u00e5ra deltagare tillg\u00e5ng till onlinekurser via v\u00e5r l\u00e4rportal. Den digitala inkluderingen \u00e4r pricken \u00f6ver i:et som g\u00f6r v\u00e5r verksamhet s\u00e5 tillg\u00e4nglig som bara m\u00f6jligt!<\/p><p>Curonovas ambition \u00e4r att forts\u00e4tta tillg\u00e4ngligg\u00f6randet av arbetsmarknaden. Genom att successivt \u00f6ka m\u00e4ngden spr\u00e5k och spr\u00e5kst\u00f6d, forts\u00e4tta v\u00e5r expansion av lokala kontor och utveckla alltmer omfattande digitala verktyg vill vi bidra till en framtid d\u00e4r ingen m\u00e4nniska hindras fr\u00e5n att bidra med sin unika erfarenhet och kompetens p\u00e5 arbetsmarknaden. Ett tillg\u00e4ngligg\u00f6rande av arbetsmarknaden \u00e4r en win-win f\u00f6r alla parter!<\/p><p><strong>V\u00e4lkommen till oss p\u00e5 Coronova!<br \/><\/strong><br \/>Coronova \u00e4r med som utst\u00e4llare p\u00e5 Jobbfestivalen med Tema M\u00e5ngfald i Kungstr\u00e4dg\u00e5rden den 14 september.<\/p><p><em>&#8221;Allt f\u00f6r ofta hamnar drivna och kompetenta m\u00e4nniskor utanf\u00f6r arbetsmarknaden av de mest banala sk\u00e4l. P\u00e5 Curonova jobbar vi aktivt med digitala l\u00f6sningar och ett st\u00e4ndigt breddat spr\u00e5kst\u00f6d, d\u00e5 vi vill s\u00e4nka tr\u00f6skeln ut i arbetslivet. Jobbfestivalen delar v\u00e5r vision, och vi ser mycket fram emot att delta!&#8221;<\/em>\u00a0s\u00e4ger omr\u00e5deschefen Anja Lenner.<\/p><p>Vem \u00e4r\u00a0Youmna? &#8211; <a href=\"https:\/\/mentalfestivalen.se\/med-curonovas-hjalp-behovde-youmna-inte-noja-sig-med-mindre\/\">L\u00e4s solskenshistorien om henne h\u00e4r!<\/a><\/p><p>\u00a0<\/p><\/div>\t\t\t\t\t\t\t\t<\/div>\n\t\t\t\t<\/div>\n\t\t\t\t<div class=\"elementor-element elementor-element-162daf4d elementor-widget elementor-widget-heading\" data-id=\"162daf4d\" data-element_type=\"widget\" data-e-type=\"widget\" data-widget_type=\"heading.default\">\n\t\t\t\t<div class=\"elementor-widget-container\">\n\t\t\t\t\t<h2 class=\"elementor-heading-title elementor-size-default\">Dela inl\u00e4gget<\/h2>\t\t\t\t<\/div>\n\t\t\t\t<\/div>\n\t\t\t\t<div class=\"elementor-element elementor-element-35011f1d elementor-share-buttons--skin-framed elementor-share-buttons--view-icon-text elementor-share-buttons--shape-square elementor-grid-0 elementor-share-buttons--color-official elementor-widget elementor-widget-share-buttons\" data-id=\"35011f1d\" data-element_type=\"widget\" data-e-type=\"widget\" data-widget_type=\"share-buttons.default\">\n\t\t\t\t<div class=\"elementor-widget-container\">\n\t\t\t\t\t\t\t<div class=\"elementor-grid\" role=\"list\">\n\t\t\t\t\t\t\t\t<div class=\"elementor-grid-item\" role=\"listitem\">\n\t\t\t\t\t\t<div class=\"elementor-share-btn elementor-share-btn_facebook\" role=\"button\" tabindex=\"0\" aria-label=\"Dela p\u00e5 facebook\">\n\t\t\t\t\t\t\t\t\t\t\t\t\t\t\t<span class=\"elementor-share-btn__icon\">\n\t\t\t\t\t\t\t\t<i class=\"fab fa-facebook\" aria-hidden=\"true\"><\/i>\t\t\t\t\t\t\t<\/span>\n\t\t\t\t\t\t\t\t\t\t\t\t\t\t\t\t\t\t\t\t\t\t<div class=\"elementor-share-btn__text\">\n\t\t\t\t\t\t\t\t\t\t\t\t\t\t\t\t\t\t\t<span class=\"elementor-share-btn__title\">\n\t\t\t\t\t\t\t\t\t\tFacebook\t\t\t\t\t\t\t\t\t<\/span>\n\t\t\t\t\t\t\t\t\t\t\t\t\t\t\t\t\t<\/div>\n\t\t\t\t\t\t\t\t\t\t\t\t\t<\/div>\n\t\t\t\t\t<\/div>\n\t\t\t\t\t\t\t\t\t<div class=\"elementor-grid-item\" role=\"listitem\">\n\t\t\t\t\t\t<div class=\"elementor-share-btn elementor-share-btn_twitter\" role=\"button\" tabindex=\"0\" aria-label=\"Dela p\u00e5 twitter\">\n\t\t\t\t\t\t\t\t\t\t\t\t\t\t\t<span class=\"elementor-share-btn__icon\">\n\t\t\t\t\t\t\t\t<i class=\"fab fa-twitter\" aria-hidden=\"true\"><\/i>\t\t\t\t\t\t\t<\/span>\n\t\t\t\t\t\t\t\t\t\t\t\t\t\t\t\t\t\t\t\t\t\t<div class=\"elementor-share-btn__text\">\n\t\t\t\t\t\t\t\t\t\t\t\t\t\t\t\t\t\t\t<span class=\"elementor-share-btn__title\">\n\t\t\t\t\t\t\t\t\t\tTwitter\t\t\t\t\t\t\t\t\t<\/span>\n\t\t\t\t\t\t\t\t\t\t\t\t\t\t\t\t\t<\/div>\n\t\t\t\t\t\t\t\t\t\t\t\t\t<\/div>\n\t\t\t\t\t<\/div>\n\t\t\t\t\t\t\t\t\t<div class=\"elementor-grid-item\" role=\"listitem\">\n\t\t\t\t\t\t<div class=\"elementor-share-btn elementor-share-btn_linkedin\" role=\"button\" tabindex=\"0\" aria-label=\"Dela p\u00e5 linkedin\">\n\t\t\t\t\t\t\t\t\t\t\t\t\t\t\t<span class=\"elementor-share-btn__icon\">\n\t\t\t\t\t\t\t\t<i class=\"fab fa-linkedin\" aria-hidden=\"true\"><\/i>\t\t\t\t\t\t\t<\/span>\n\t\t\t\t\t\t\t\t\t\t\t\t\t\t\t\t\t\t\t\t\t\t<div class=\"elementor-share-btn__text\">\n\t\t\t\t\t\t\t\t\t\t\t\t\t\t\t\t\t\t\t<span class=\"elementor-share-btn__title\">\n\t\t\t\t\t\t\t\t\t\tLinkedIn\t\t\t\t\t\t\t\t\t<\/span>\n\t\t\t\t\t\t\t\t\t\t\t\t\t\t\t\t\t<\/div>\n\t\t\t\t\t\t\t\t\t\t\t\t\t<\/div>\n\t\t\t\t\t<\/div>\n\t\t\t\t\t\t<\/div>\n\t\t\t\t\t\t<\/div>\n\t\t\t\t<\/div>\n\t\t\t\t<div class=\"elementor-element elementor-element-31a9534 elementor-widget elementor-widget-spacer\" data-id=\"31a9534\" data-element_type=\"widget\" data-e-type=\"widget\" data-widget_type=\"spacer.default\">\n\t\t\t\t<div class=\"elementor-widget-container\">\n\t\t\t\t\t\t\t<div class=\"elementor-spacer\">\n\t\t\t<div class=\"elementor-spacer-inner\"><\/div>\n\t\t<\/div>\n\t\t\t\t\t\t<\/div>\n\t\t\t\t<\/div>\n\t\t\t\t<section class=\"elementor-section elementor-inner-section elementor-element elementor-element-1e924d25 elementor-section-boxed elementor-section-height-default elementor-section-height-default\" data-id=\"1e924d25\" data-element_type=\"section\" data-e-type=\"section\" data-settings=\"{&quot;background_motion_fx_translateX_effect&quot;:&quot;yes&quot;,&quot;background_motion_fx_translateX_direction&quot;:&quot;negative&quot;,&quot;background_motion_fx_translateX_speed&quot;:{&quot;unit&quot;:&quot;px&quot;,&quot;size&quot;:2.4,&quot;sizes&quot;:[]},&quot;background_motion_fx_translateX_affectedRange&quot;:{&quot;unit&quot;:&quot;%&quot;,&quot;size&quot;:&quot;&quot;,&quot;sizes&quot;:{&quot;start&quot;:0,&quot;end&quot;:100}},&quot;background_motion_fx_devices&quot;:[&quot;desktop&quot;,&quot;tablet&quot;,&quot;mobile&quot;]}\">\n\t\t\t\t\t\t\t<div class=\"elementor-background-overlay\"><\/div>\n\t\t\t\t\t\t\t<div class=\"elementor-container elementor-column-gap-default\">\n\t\t\t\t\t<div class=\"elementor-column elementor-col-50 elementor-inner-column elementor-element elementor-element-3de9b0a4\" data-id=\"3de9b0a4\" data-element_type=\"column\" data-e-type=\"column\">\n\t\t\t<div class=\"elementor-widget-wrap elementor-element-populated\">\n\t\t\t\t\t\t<div class=\"elementor-element elementor-element-5d16ba2 elementor-widget elementor-widget-image\" data-id=\"5d16ba2\" data-element_type=\"widget\" data-e-type=\"widget\" data-widget_type=\"image.default\">\n\t\t\t\t<div class=\"elementor-widget-container\">\n\t\t\t\t\t\t\t\t\t\t\t\t\t\t\t<img decoding=\"async\" width=\"1024\" height=\"618\" src=\"https:\/\/mentalfestivalen.se\/wp-content\/uploads\/2022\/03\/Curunova-Logo-marin-bla@3x-2-1024x618-1.png\" class=\"attachment-large size-large wp-image-2499\" alt=\"\" srcset=\"https:\/\/mentalfestivalen.se\/wp-content\/uploads\/2022\/03\/Curunova-Logo-marin-bla@3x-2-1024x618-1.png 1024w, https:\/\/mentalfestivalen.se\/wp-content\/uploads\/2022\/03\/Curunova-Logo-marin-bla@3x-2-1024x618-1-300x181.png 300w, https:\/\/mentalfestivalen.se\/wp-content\/uploads\/2022\/03\/Curunova-Logo-marin-bla@3x-2-1024x618-1-768x464.png 768w, https:\/\/mentalfestivalen.se\/wp-content\/uploads\/2022\/03\/Curunova-Logo-marin-bla@3x-2-1024x618-1-18x12.png 18w\" sizes=\"(max-width: 1024px) 100vw, 1024px\" \/>\t\t\t\t\t\t\t\t\t\t\t\t\t\t\t<\/div>\n\t\t\t\t<\/div>\n\t\t\t\t\t<\/div>\n\t\t<\/div>\n\t\t\t\t<div class=\"elementor-column elementor-col-50 elementor-inner-column elementor-element elementor-element-59a1b9a\" data-id=\"59a1b9a\" data-element_type=\"column\" data-e-type=\"column\">\n\t\t\t<div class=\"elementor-widget-wrap elementor-element-populated\">\n\t\t\t\t\t\t<div class=\"elementor-element elementor-element-561447df elementor-widget elementor-widget-text-editor\" data-id=\"561447df\" data-element_type=\"widget\" data-e-type=\"widget\" data-widget_type=\"text-editor.default\">\n\t\t\t\t<div class=\"elementor-widget-container\">\n\t\t\t\t\t\t\t\t\t<p>Curonova erbjuder en uppsj\u00f6 av tj\u00e4nster och program f\u00f6r m\u00e4nniskor som beh\u00f6ver hitta en ny syssels\u00e4ttning. Vi vet att m\u00e4nniskor \u00e4r olika, och brinner f\u00f6r att l\u00e5sa upp m\u00e4nniskors sanna potential och l\u00e5ta deras unika f\u00f6rm\u00e5gor och erfarenheter komma till anv\u00e4ndning p\u00e5 arbetsmarknaden.\u00a0<\/p>\t\t\t\t\t\t\t\t<\/div>\n\t\t\t\t<\/div>\n\t\t\t\t<div class=\"elementor-element elementor-element-b460b17 elementor-align-left elementor-widget elementor-widget-button\" data-id=\"b460b17\" data-element_type=\"widget\" data-e-type=\"widget\" data-widget_type=\"button.default\">\n\t\t\t\t<div class=\"elementor-widget-container\">\n\t\t\t\t\t\t\t\t\t<div class=\"elementor-button-wrapper\">\n\t\t\t\t\t<a class=\"elementor-button elementor-button-link elementor-size-sm\" href=\"https:\/\/www.curonova.se\/\">\n\t\t\t\t\t\t<span class=\"elementor-button-content-wrapper\">\n\t\t\t\t\t\t\t\t\t<span class=\"elementor-button-text\">L\u00e4s mer<\/span>\n\t\t\t\t\t<\/span>\n\t\t\t\t\t<\/a>\n\t\t\t\t<\/div>\n\t\t\t\t\t\t\t\t<\/div>\n\t\t\t\t<\/div>\n\t\t\t\t\t<\/div>\n\t\t<\/div>\n\t\t\t\t\t<\/div>\n\t\t<\/section>\n\t\t\t\t<div class=\"elementor-element elementor-element-d8e7ea2 elementor-widget elementor-widget-spacer\" data-id=\"d8e7ea2\" data-element_type=\"widget\" data-e-type=\"widget\" data-widget_type=\"spacer.default\">\n\t\t\t\t<div class=\"elementor-widget-container\">\n\t\t\t\t\t\t\t<div class=\"elementor-spacer\">\n\t\t\t<div class=\"elementor-spacer-inner\"><\/div>\n\t\t<\/div>\n\t\t\t\t\t\t<\/div>\n\t\t\t\t<\/div>\n\t\t\t\t<div class=\"elementor-element elementor-element-2197231d elementor-widget elementor-widget-post-navigation\" data-id=\"2197231d\" data-element_type=\"widget\" data-e-type=\"widget\" data-widget_type=\"post-navigation.default\">\n\t\t\t\t<div class=\"elementor-widget-container\">\n\t\t\t\t\t\t\t<div class=\"elementor-post-navigation\" role=\"navigation\" aria-label=\"Post Navigation\">\n\t\t\t<div class=\"elementor-post-navigation__prev elementor-post-navigation__link\">\n\t\t\t\t<a href=\"https:\/\/mentalfestivalen.se\/en\/med-curonovas-hjalp-behovde-youmna-inte-noja-sig-med-mindre\/\" rel=\"prev\"><span class=\"post-navigation__arrow-wrapper post-navigation__arrow-prev\"><i aria-hidden=\"true\" class=\"fas fa-angle-left\"><\/i><span class=\"elementor-screen-only\">Prev<\/span><\/span><span class=\"elementor-post-navigation__link__prev\"><span class=\"post-navigation__prev--label\">F\u00f6reg\u00e5ende<\/span><span class=\"post-navigation__prev--title\">Med Curonovas hj\u00e4lp beh\u00f6vde Youmna inte n\u00f6ja sig med mindre!<\/span><\/span><\/a>\t\t\t<\/div>\n\t\t\t\t\t\t<div class=\"elementor-post-navigation__next elementor-post-navigation__link\">\n\t\t\t\t<a href=\"https:\/\/mentalfestivalen.se\/en\/vi-arbetar-for-att-minska-utanforskap-pa-arbetsmarknaden-till-att-alla-ska-bli-inkluderade\/\" rel=\"next\"><span class=\"elementor-post-navigation__link__next\"><span class=\"post-navigation__next--label\">N\u00e4sta<\/span><span class=\"post-navigation__next--title\">Vi arbetar f\u00f6r att minska utanf\u00f6rskap p\u00e5 arbetsmarknaden till att alla ska bli inkluderade<\/span><\/span><span class=\"post-navigation__arrow-wrapper post-navigation__arrow-next\"><i aria-hidden=\"true\" class=\"fas fa-angle-right\"><\/i><span class=\"elementor-screen-only\">Next<\/span><\/span><\/a>\t\t\t<\/div>\n\t\t<\/div>\n\t\t\t\t\t\t<\/div>\n\t\t\t\t<\/div>\n\t\t\t\t<div class=\"elementor-element elementor-element-b2b2431 elementor-widget elementor-widget-spacer\" data-id=\"b2b2431\" data-element_type=\"widget\" data-e-type=\"widget\" data-widget_type=\"spacer.default\">\n\t\t\t\t<div class=\"elementor-widget-container\">\n\t\t\t\t\t\t\t<div class=\"elementor-spacer\">\n\t\t\t<div class=\"elementor-spacer-inner\"><\/div>\n\t\t<\/div>\n\t\t\t\t\t\t<\/div>\n\t\t\t\t<\/div>\n\t\t\t\t<div class=\"elementor-element elementor-element-080f028 elementor-widget elementor-widget-spacer\" data-id=\"080f028\" data-element_type=\"widget\" data-e-type=\"widget\" data-widget_type=\"spacer.default\">\n\t\t\t\t<div class=\"elementor-widget-container\">\n\t\t\t\t\t\t\t<div class=\"elementor-spacer\">\n\t\t\t<div class=\"elementor-spacer-inner\"><\/div>\n\t\t<\/div>\n\t\t\t\t\t\t<\/div>\n\t\t\t\t<\/div>\n\t\t\t\t\t<\/div>\n\t\t<\/div>\n\t\t\t\t\t<\/div>\n\t\t<\/section>\n\t\t\t\t<\/div>\n\t\t","protected":false},"excerpt":{"rendered":"<p>I v\u00e5r g\u00e4stblogg ber\u00e4ttar Curonova om hur f\u00f6retaget f\u00f6ddes ur en vilja att g\u00f6ra arbetsmarknaden mer tillg\u00e4nglig. Curonova bildades 2014, och jobbade de f\u00f6rsta \u00e5ren prim\u00e4rt med att erbjuda v\u00e5ra tj\u00e4nster till trygghetsfonden TSL. Ut\u00f6ver detta arbetade bolaget en del med outplacement, d\u00e5 riktat till bolag och individer som beh\u00f6ver hitta en l\u00f6sning som inneb\u00e4r [&hellip;]<\/p>\n","protected":false},"author":8,"featured_media":2487,"comment_status":"open","ping_status":"closed","sticky":false,"template":"elementor_header_footer","format":"standard","meta":{"_acf_changed":false,"site-sidebar-layout":"default","site-content-layout":"","ast-site-content-layout":"default","site-content-style":"default","site-sidebar-style":"default","ast-global-header-display":"","ast-banner-title-visibility":"","ast-main-header-display":"","ast-hfb-above-header-display":"","ast-hfb-below-header-display":"","ast-hfb-mobile-header-display":"","site-post-title":"","ast-breadcrumbs-content":"","ast-featured-img":"","footer-sml-layout":"","ast-disable-related-posts":"","theme-transparent-header-meta":"","adv-header-id-meta":"","stick-header-meta":"","header-above-stick-meta":"","header-main-stick-meta":"","header-below-stick-meta":"","astra-migrate-meta-layouts":"default","ast-page-background-enabled":"default","ast-page-background-meta":{"desktop":{"background-color":"","background-image":"","background-repeat":"repeat","background-position":"center center","background-size":"auto","background-attachment":"scroll","background-type":"","background-media":"","overlay-type":"","overlay-color":"","overlay-opacity":"","overlay-gradient":""},"tablet":{"background-color":"","background-image":"","background-repeat":"repeat","background-position":"center center","background-size":"auto","background-attachment":"scroll","background-type":"","background-media":"","overlay-type":"","overlay-color":"","overlay-opacity":"","overlay-gradient":""},"mobile":{"background-color":"","background-image":"","background-repeat":"repeat","background-position":"center center","background-size":"auto","background-attachment":"scroll","background-type":"","background-media":"","overlay-type":"","overlay-color":"","overlay-opacity":"","overlay-gradient":""}},"ast-content-background-meta":{"desktop":{"background-color":"var(--ast-global-color-5)","background-image":"","background-repeat":"repeat","background-position":"center center","background-size":"auto","background-attachment":"scroll","background-type":"","background-media":"","overlay-type":"","overlay-color":"","overlay-opacity":"","overlay-gradient":""},"tablet":{"background-color":"var(--ast-global-color-5)","background-image":"","background-repeat":"repeat","background-position":"center center","background-size":"auto","background-attachment":"scroll","background-type":"","background-media":"","overlay-type":"","overlay-color":"","overlay-opacity":"","overlay-gradient":""},"mobile":{"background-color":"var(--ast-global-color-5)","background-image":"","background-repeat":"repeat","background-position":"center center","background-size":"auto","background-attachment":"scroll","background-type":"","background-media":"","overlay-type":"","overlay-color":"","overlay-opacity":"","overlay-gradient":""}},"footnotes":""},"categories":[44],"tags":[],"class_list":["post-2486","post","type-post","status-publish","format-standard","has-post-thumbnail","hentry","category-gastbloggare"],"acf":[],"yoast_head":"<!-- This site is optimized with the Yoast SEO plugin v27.5 - https:\/\/yoast.com\/product\/yoast-seo-wordpress\/ -->\n<title>Att tillg\u00e4ngligg\u00f6ra arbetsmarknaden i tre steg - Mentalfestivalen<\/title>\n<meta name=\"robots\" content=\"index, follow, max-snippet:-1, max-image-preview:large, max-video-preview:-1\" \/>\n<link rel=\"canonical\" href=\"https:\/\/mentalfestivalen.se\/en\/att-tillgangliggora-arbetsmarknaden-i-tre-steg\/\" \/>\n<meta property=\"og:locale\" content=\"en_GB\" \/>\n<meta property=\"og:type\" content=\"article\" \/>\n<meta property=\"og:title\" content=\"Att tillg\u00e4ngligg\u00f6ra arbetsmarknaden i tre steg - Mentalfestivalen\" \/>\n<meta property=\"og:description\" content=\"I v\u00e5r g\u00e4stblogg ber\u00e4ttar Curonova om hur f\u00f6retaget f\u00f6ddes ur en vilja att g\u00f6ra arbetsmarknaden mer tillg\u00e4nglig. Curonova bildades 2014, och jobbade de f\u00f6rsta \u00e5ren prim\u00e4rt med att erbjuda v\u00e5ra tj\u00e4nster till trygghetsfonden TSL. Ut\u00f6ver detta arbetade bolaget en del med outplacement, d\u00e5 riktat till bolag och individer som beh\u00f6ver hitta en l\u00f6sning som inneb\u00e4r [&hellip;]\" \/>\n<meta property=\"og:url\" content=\"https:\/\/mentalfestivalen.se\/en\/att-tillgangliggora-arbetsmarknaden-i-tre-steg\/\" \/>\n<meta property=\"og:site_name\" content=\"Mentalfestivalen\" \/>\n<meta property=\"article:published_time\" content=\"2022-03-10T09:24:26+00:00\" \/>\n<meta property=\"article:modified_time\" content=\"2022-03-10T09:37:35+00:00\" \/>\n<meta property=\"og:image\" content=\"https:\/\/mentalfestivalen.se\/wp-content\/uploads\/2022\/03\/Vi-kan-arbetsmarknaden-Branschen.png\" \/>\n\t<meta property=\"og:image:width\" content=\"2000\" \/>\n\t<meta property=\"og:image:height\" content=\"1260\" \/>\n\t<meta property=\"og:image:type\" content=\"image\/png\" \/>\n<meta name=\"author\" content=\"Mats Wernheim\" \/>\n<meta name=\"twitter:card\" content=\"summary_large_image\" \/>\n<meta name=\"twitter:label1\" content=\"Written by\" \/>\n\t<meta name=\"twitter:data1\" content=\"Mats Wernheim\" \/>\n\t<meta name=\"twitter:label2\" content=\"Estimated reading time\" \/>\n\t<meta name=\"twitter:data2\" content=\"5 minutes\" \/>\n<script type=\"application\/ld+json\" class=\"yoast-schema-graph\">{\"@context\":\"https:\\\/\\\/schema.org\",\"@graph\":[{\"@type\":\"Article\",\"@id\":\"https:\\\/\\\/mentalfestivalen.se\\\/att-tillgangliggora-arbetsmarknaden-i-tre-steg\\\/#article\",\"isPartOf\":{\"@id\":\"https:\\\/\\\/mentalfestivalen.se\\\/att-tillgangliggora-arbetsmarknaden-i-tre-steg\\\/\"},\"author\":{\"name\":\"Mats Wernheim\",\"@id\":\"https:\\\/\\\/mentalfestivalen.se\\\/#\\\/schema\\\/person\\\/fd3aa9db8400922d5c75a9dc444153ba\"},\"headline\":\"Att tillg\u00e4ngligg\u00f6ra arbetsmarknaden i tre steg\",\"datePublished\":\"2022-03-10T09:24:26+00:00\",\"dateModified\":\"2022-03-10T09:37:35+00:00\",\"mainEntityOfPage\":{\"@id\":\"https:\\\/\\\/mentalfestivalen.se\\\/att-tillgangliggora-arbetsmarknaden-i-tre-steg\\\/\"},\"wordCount\":884,\"commentCount\":0,\"image\":{\"@id\":\"https:\\\/\\\/mentalfestivalen.se\\\/att-tillgangliggora-arbetsmarknaden-i-tre-steg\\\/#primaryimage\"},\"thumbnailUrl\":\"https:\\\/\\\/mentalfestivalen.se\\\/wp-content\\\/uploads\\\/2022\\\/03\\\/Vi-kan-arbetsmarknaden-Branschen.png\",\"articleSection\":[\"G\u00e4stbloggare\"],\"inLanguage\":\"en-GB\",\"potentialAction\":[{\"@type\":\"CommentAction\",\"name\":\"Comment\",\"target\":[\"https:\\\/\\\/mentalfestivalen.se\\\/att-tillgangliggora-arbetsmarknaden-i-tre-steg\\\/#respond\"]}]},{\"@type\":\"WebPage\",\"@id\":\"https:\\\/\\\/mentalfestivalen.se\\\/att-tillgangliggora-arbetsmarknaden-i-tre-steg\\\/\",\"url\":\"https:\\\/\\\/mentalfestivalen.se\\\/att-tillgangliggora-arbetsmarknaden-i-tre-steg\\\/\",\"name\":\"Att tillg\u00e4ngligg\u00f6ra arbetsmarknaden i tre steg - Mentalfestivalen\",\"isPartOf\":{\"@id\":\"https:\\\/\\\/mentalfestivalen.se\\\/#website\"},\"primaryImageOfPage\":{\"@id\":\"https:\\\/\\\/mentalfestivalen.se\\\/att-tillgangliggora-arbetsmarknaden-i-tre-steg\\\/#primaryimage\"},\"image\":{\"@id\":\"https:\\\/\\\/mentalfestivalen.se\\\/att-tillgangliggora-arbetsmarknaden-i-tre-steg\\\/#primaryimage\"},\"thumbnailUrl\":\"https:\\\/\\\/mentalfestivalen.se\\\/wp-content\\\/uploads\\\/2022\\\/03\\\/Vi-kan-arbetsmarknaden-Branschen.png\",\"datePublished\":\"2022-03-10T09:24:26+00:00\",\"dateModified\":\"2022-03-10T09:37:35+00:00\",\"author\":{\"@id\":\"https:\\\/\\\/mentalfestivalen.se\\\/#\\\/schema\\\/person\\\/fd3aa9db8400922d5c75a9dc444153ba\"},\"breadcrumb\":{\"@id\":\"https:\\\/\\\/mentalfestivalen.se\\\/att-tillgangliggora-arbetsmarknaden-i-tre-steg\\\/#breadcrumb\"},\"inLanguage\":\"en-GB\",\"potentialAction\":[{\"@type\":\"ReadAction\",\"target\":[\"https:\\\/\\\/mentalfestivalen.se\\\/att-tillgangliggora-arbetsmarknaden-i-tre-steg\\\/\"]}]},{\"@type\":\"ImageObject\",\"inLanguage\":\"en-GB\",\"@id\":\"https:\\\/\\\/mentalfestivalen.se\\\/att-tillgangliggora-arbetsmarknaden-i-tre-steg\\\/#primaryimage\",\"url\":\"https:\\\/\\\/mentalfestivalen.se\\\/wp-content\\\/uploads\\\/2022\\\/03\\\/Vi-kan-arbetsmarknaden-Branschen.png\",\"contentUrl\":\"https:\\\/\\\/mentalfestivalen.se\\\/wp-content\\\/uploads\\\/2022\\\/03\\\/Vi-kan-arbetsmarknaden-Branschen.png\",\"width\":2000,\"height\":1260},{\"@type\":\"BreadcrumbList\",\"@id\":\"https:\\\/\\\/mentalfestivalen.se\\\/att-tillgangliggora-arbetsmarknaden-i-tre-steg\\\/#breadcrumb\",\"itemListElement\":[{\"@type\":\"ListItem\",\"position\":1,\"name\":\"Hem\",\"item\":\"https:\\\/\\\/mentalfestivalen.se\\\/\"},{\"@type\":\"ListItem\",\"position\":2,\"name\":\"Att tillg\u00e4ngligg\u00f6ra arbetsmarknaden i tre steg\"}]},{\"@type\":\"WebSite\",\"@id\":\"https:\\\/\\\/mentalfestivalen.se\\\/#website\",\"url\":\"https:\\\/\\\/mentalfestivalen.se\\\/\",\"name\":\"Mentalfestivalen\",\"description\":\"Mentalfestivalen\",\"potentialAction\":[{\"@type\":\"SearchAction\",\"target\":{\"@type\":\"EntryPoint\",\"urlTemplate\":\"https:\\\/\\\/mentalfestivalen.se\\\/?s={search_term_string}\"},\"query-input\":{\"@type\":\"PropertyValueSpecification\",\"valueRequired\":true,\"valueName\":\"search_term_string\"}}],\"inLanguage\":\"en-GB\"},{\"@type\":\"Person\",\"@id\":\"https:\\\/\\\/mentalfestivalen.se\\\/#\\\/schema\\\/person\\\/fd3aa9db8400922d5c75a9dc444153ba\",\"name\":\"Mats Wernheim\",\"image\":{\"@type\":\"ImageObject\",\"inLanguage\":\"en-GB\",\"@id\":\"https:\\\/\\\/secure.gravatar.com\\\/avatar\\\/9109ed7993734bce8a4fd7ce45fd76ee8608790e024ae80ea4a7ddd09e3af807?s=96&d=mm&r=g\",\"url\":\"https:\\\/\\\/secure.gravatar.com\\\/avatar\\\/9109ed7993734bce8a4fd7ce45fd76ee8608790e024ae80ea4a7ddd09e3af807?s=96&d=mm&r=g\",\"contentUrl\":\"https:\\\/\\\/secure.gravatar.com\\\/avatar\\\/9109ed7993734bce8a4fd7ce45fd76ee8608790e024ae80ea4a7ddd09e3af807?s=96&d=mm&r=g\",\"caption\":\"Mats Wernheim\"},\"url\":\"https:\\\/\\\/mentalfestivalen.se\\\/en\\\/author\\\/mats-wernheimvile-se\\\/\"}]}<\/script>\n<!-- \/ Yoast SEO plugin. -->","yoast_head_json":{"title":"Att tillg\u00e4ngligg\u00f6ra arbetsmarknaden i tre steg - Mentalfestivalen","robots":{"index":"index","follow":"follow","max-snippet":"max-snippet:-1","max-image-preview":"max-image-preview:large","max-video-preview":"max-video-preview:-1"},"canonical":"https:\/\/mentalfestivalen.se\/en\/att-tillgangliggora-arbetsmarknaden-i-tre-steg\/","og_locale":"en_GB","og_type":"article","og_title":"Att tillg\u00e4ngligg\u00f6ra arbetsmarknaden i tre steg - Mentalfestivalen","og_description":"I v\u00e5r g\u00e4stblogg ber\u00e4ttar Curonova om hur f\u00f6retaget f\u00f6ddes ur en vilja att g\u00f6ra arbetsmarknaden mer tillg\u00e4nglig. Curonova bildades 2014, och jobbade de f\u00f6rsta \u00e5ren prim\u00e4rt med att erbjuda v\u00e5ra tj\u00e4nster till trygghetsfonden TSL. Ut\u00f6ver detta arbetade bolaget en del med outplacement, d\u00e5 riktat till bolag och individer som beh\u00f6ver hitta en l\u00f6sning som inneb\u00e4r [&hellip;]","og_url":"https:\/\/mentalfestivalen.se\/en\/att-tillgangliggora-arbetsmarknaden-i-tre-steg\/","og_site_name":"Mentalfestivalen","article_published_time":"2022-03-10T09:24:26+00:00","article_modified_time":"2022-03-10T09:37:35+00:00","og_image":[{"width":2000,"height":1260,"url":"https:\/\/mentalfestivalen.se\/wp-content\/uploads\/2022\/03\/Vi-kan-arbetsmarknaden-Branschen.png","type":"image\/png"}],"author":"Mats Wernheim","twitter_card":"summary_large_image","twitter_misc":{"Written by":"Mats Wernheim","Estimated reading time":"5 minutes"},"schema":{"@context":"https:\/\/schema.org","@graph":[{"@type":"Article","@id":"https:\/\/mentalfestivalen.se\/att-tillgangliggora-arbetsmarknaden-i-tre-steg\/#article","isPartOf":{"@id":"https:\/\/mentalfestivalen.se\/att-tillgangliggora-arbetsmarknaden-i-tre-steg\/"},"author":{"name":"Mats Wernheim","@id":"https:\/\/mentalfestivalen.se\/#\/schema\/person\/fd3aa9db8400922d5c75a9dc444153ba"},"headline":"Att tillg\u00e4ngligg\u00f6ra arbetsmarknaden i tre steg","datePublished":"2022-03-10T09:24:26+00:00","dateModified":"2022-03-10T09:37:35+00:00","mainEntityOfPage":{"@id":"https:\/\/mentalfestivalen.se\/att-tillgangliggora-arbetsmarknaden-i-tre-steg\/"},"wordCount":884,"commentCount":0,"image":{"@id":"https:\/\/mentalfestivalen.se\/att-tillgangliggora-arbetsmarknaden-i-tre-steg\/#primaryimage"},"thumbnailUrl":"https:\/\/mentalfestivalen.se\/wp-content\/uploads\/2022\/03\/Vi-kan-arbetsmarknaden-Branschen.png","articleSection":["G\u00e4stbloggare"],"inLanguage":"en-GB","potentialAction":[{"@type":"CommentAction","name":"Comment","target":["https:\/\/mentalfestivalen.se\/att-tillgangliggora-arbetsmarknaden-i-tre-steg\/#respond"]}]},{"@type":"WebPage","@id":"https:\/\/mentalfestivalen.se\/att-tillgangliggora-arbetsmarknaden-i-tre-steg\/","url":"https:\/\/mentalfestivalen.se\/att-tillgangliggora-arbetsmarknaden-i-tre-steg\/","name":"Att tillg\u00e4ngligg\u00f6ra arbetsmarknaden i tre steg - Mentalfestivalen","isPartOf":{"@id":"https:\/\/mentalfestivalen.se\/#website"},"primaryImageOfPage":{"@id":"https:\/\/mentalfestivalen.se\/att-tillgangliggora-arbetsmarknaden-i-tre-steg\/#primaryimage"},"image":{"@id":"https:\/\/mentalfestivalen.se\/att-tillgangliggora-arbetsmarknaden-i-tre-steg\/#primaryimage"},"thumbnailUrl":"https:\/\/mentalfestivalen.se\/wp-content\/uploads\/2022\/03\/Vi-kan-arbetsmarknaden-Branschen.png","datePublished":"2022-03-10T09:24:26+00:00","dateModified":"2022-03-10T09:37:35+00:00","author":{"@id":"https:\/\/mentalfestivalen.se\/#\/schema\/person\/fd3aa9db8400922d5c75a9dc444153ba"},"breadcrumb":{"@id":"https:\/\/mentalfestivalen.se\/att-tillgangliggora-arbetsmarknaden-i-tre-steg\/#breadcrumb"},"inLanguage":"en-GB","potentialAction":[{"@type":"ReadAction","target":["https:\/\/mentalfestivalen.se\/att-tillgangliggora-arbetsmarknaden-i-tre-steg\/"]}]},{"@type":"ImageObject","inLanguage":"en-GB","@id":"https:\/\/mentalfestivalen.se\/att-tillgangliggora-arbetsmarknaden-i-tre-steg\/#primaryimage","url":"https:\/\/mentalfestivalen.se\/wp-content\/uploads\/2022\/03\/Vi-kan-arbetsmarknaden-Branschen.png","contentUrl":"https:\/\/mentalfestivalen.se\/wp-content\/uploads\/2022\/03\/Vi-kan-arbetsmarknaden-Branschen.png","width":2000,"height":1260},{"@type":"BreadcrumbList","@id":"https:\/\/mentalfestivalen.se\/att-tillgangliggora-arbetsmarknaden-i-tre-steg\/#breadcrumb","itemListElement":[{"@type":"ListItem","position":1,"name":"Hem","item":"https:\/\/mentalfestivalen.se\/"},{"@type":"ListItem","position":2,"name":"Att tillg\u00e4ngligg\u00f6ra arbetsmarknaden i tre steg"}]},{"@type":"WebSite","@id":"https:\/\/mentalfestivalen.se\/#website","url":"https:\/\/mentalfestivalen.se\/","name":"Mentalfestivalen","description":"Mentalfestivalen","potentialAction":[{"@type":"SearchAction","target":{"@type":"EntryPoint","urlTemplate":"https:\/\/mentalfestivalen.se\/?s={search_term_string}"},"query-input":{"@type":"PropertyValueSpecification","valueRequired":true,"valueName":"search_term_string"}}],"inLanguage":"en-GB"},{"@type":"Person","@id":"https:\/\/mentalfestivalen.se\/#\/schema\/person\/fd3aa9db8400922d5c75a9dc444153ba","name":"Mats Wernheim","image":{"@type":"ImageObject","inLanguage":"en-GB","@id":"https:\/\/secure.gravatar.com\/avatar\/9109ed7993734bce8a4fd7ce45fd76ee8608790e024ae80ea4a7ddd09e3af807?s=96&d=mm&r=g","url":"https:\/\/secure.gravatar.com\/avatar\/9109ed7993734bce8a4fd7ce45fd76ee8608790e024ae80ea4a7ddd09e3af807?s=96&d=mm&r=g","contentUrl":"https:\/\/secure.gravatar.com\/avatar\/9109ed7993734bce8a4fd7ce45fd76ee8608790e024ae80ea4a7ddd09e3af807?s=96&d=mm&r=g","caption":"Mats Wernheim"},"url":"https:\/\/mentalfestivalen.se\/en\/author\/mats-wernheimvile-se\/"}]}},"_links":{"self":[{"href":"https:\/\/mentalfestivalen.se\/en\/wp-json\/wp\/v2\/posts\/2486","targetHints":{"allow":["GET"]}}],"collection":[{"href":"https:\/\/mentalfestivalen.se\/en\/wp-json\/wp\/v2\/posts"}],"about":[{"href":"https:\/\/mentalfestivalen.se\/en\/wp-json\/wp\/v2\/types\/post"}],"author":[{"embeddable":true,"href":"https:\/\/mentalfestivalen.se\/en\/wp-json\/wp\/v2\/users\/8"}],"replies":[{"embeddable":true,"href":"https:\/\/mentalfestivalen.se\/en\/wp-json\/wp\/v2\/comments?post=2486"}],"version-history":[{"count":0,"href":"https:\/\/mentalfestivalen.se\/en\/wp-json\/wp\/v2\/posts\/2486\/revisions"}],"wp:featuredmedia":[{"embeddable":true,"href":"https:\/\/mentalfestivalen.se\/en\/wp-json\/wp\/v2\/media\/2487"}],"wp:attachment":[{"href":"https:\/\/mentalfestivalen.se\/en\/wp-json\/wp\/v2\/media?parent=2486"}],"wp:term":[{"taxonomy":"category","embeddable":true,"href":"https:\/\/mentalfestivalen.se\/en\/wp-json\/wp\/v2\/categories?post=2486"},{"taxonomy":"post_tag","embeddable":true,"href":"https:\/\/mentalfestivalen.se\/en\/wp-json\/wp\/v2\/tags?post=2486"}],"curies":[{"name":"wp","href":"https:\/\/api.w.org\/{rel}","templated":true}]}}