{"id":1238,"date":"2020-04-08T07:50:30","date_gmt":"2020-04-08T07:50:30","guid":{"rendered":"https:\/\/mentalfestivalen.se\/?p=1238"},"modified":"2022-03-10T10:05:04","modified_gmt":"2022-03-10T10:05:04","slug":"snalla-chefer-lyckas-battre-extra-viktigt-i-kristider","status":"publish","type":"post","link":"https:\/\/mentalfestivalen.se\/en\/snalla-chefer-lyckas-battre-extra-viktigt-i-kristider\/","title":{"rendered":"Sn\u00e4lla chefer lyckas b\u00e4ttre \u2013 extra viktigt i kristider"},"content":{"rendered":"<div data-elementor-type=\"wp-post\" data-elementor-id=\"1238\" class=\"elementor elementor-1238\" data-elementor-post-type=\"post\">\n\t\t\t\t\t\t<section class=\"elementor-section elementor-top-section elementor-element elementor-element-e5fe99e elementor-section-boxed elementor-section-height-default elementor-section-height-default\" data-id=\"e5fe99e\" data-element_type=\"section\" data-e-type=\"section\">\n\t\t\t\t\t\t<div class=\"elementor-container elementor-column-gap-default\">\n\t\t\t\t\t<div class=\"elementor-column elementor-col-100 elementor-top-column elementor-element elementor-element-8bed8ce\" data-id=\"8bed8ce\" data-element_type=\"column\" data-e-type=\"column\">\n\t\t\t<div class=\"elementor-widget-wrap elementor-element-populated\">\n\t\t\t\t\t\t<div class=\"elementor-element elementor-element-8aabbdc elementor-widget elementor-widget-heading\" data-id=\"8aabbdc\" data-element_type=\"widget\" data-e-type=\"widget\" data-widget_type=\"heading.default\">\n\t\t\t\t<div class=\"elementor-widget-container\">\n\t\t\t\t\t<h2 class=\"elementor-heading-title elementor-size-default\">Studier visar att sn\u00e4lla chefer f\u00e5r medarbetarna att prestera och trivas b\u00e4ttre, och stanna kvar l\u00e4ngre p\u00e5 jobbet. <\/h2>\t\t\t\t<\/div>\n\t\t\t\t<\/div>\n\t\t\t\t<div class=\"elementor-element elementor-element-8441070 elementor-widget elementor-widget-text-editor\" data-id=\"8441070\" data-element_type=\"widget\" data-e-type=\"widget\" data-widget_type=\"text-editor.default\">\n\t\t\t\t<div class=\"elementor-widget-container\">\n\t\t\t\t\t\t\t\t\t<p>Att vara sn\u00e4ll som chef inneb\u00e4r flera saker. Till exempel att visa omtanke om medarbetarna, ta dem i f\u00f6rsvar (i motsats till att skylla ifr\u00e5n sig p\u00e5 dem), v\u00e5ga lita p\u00e5 att de g\u00f6r ett bra jobb, och vara gener\u00f6s med positiv feedback.<\/p><p>&#8211; Det har funnits en bild av du m\u00e5ste vara h\u00e5rd f\u00f6r att bli framg\u00e5ngsrik. Men modern forskning visar att sn\u00e4llhet \u00e4r en viktig egenskap som chef, s\u00e4ger Lukas Levay, psykologkonsult p\u00e5 Aon Assessment Solutions, som utvecklar personlighetstester f\u00f6r rekrytering och utveckling av personal.<\/p><p>Samtidigt \u00e4r det m\u00e5nga chefer som har sv\u00e5rt att visa sn\u00e4llhet. Det framg\u00e5r inte minst av alla studier som visar att den vanligaste orsaken till att medarbetare s\u00e4ger upp sig \u00e4r att chefen inte visar tillr\u00e4cklig uppskattning.<\/p><p><b>Var extra sn\u00e4ll i kristider<\/b><br \/>Och att vara sn\u00e4ll kan vara sv\u00e5rt i kristider. M\u00e5nga chefer \u00e4r stressade, och tr\u00e4ffar kanske bara medarbetarna i digitala avst\u00e4mningsm\u00f6ten.<br \/>\u2013 Det inneb\u00e4r att de spontana kontakterna f\u00f6rsvinner. Men det g\u00e5r alldeles utm\u00e4rkt att vara sn\u00e4ll \u00f6ver mail, chat, eller telefon, s\u00e4ger Lukas Levay.<\/p><p>Han menar ocks\u00e5 att det \u00e4r extra viktigt att vara sn\u00e4ll n\u00e4r det finns en stor oro i v\u00e4rlden, och en del medarbetare kanske k\u00e4nner att det \u00e4r sv\u00e5rt att fokusera, eller att motivationen tryter.<br \/>\u2013 Det handlar inte om att bli n\u00e5gons terapeut, men visa att du bryr dig, s\u00e4ger Lukas Levay.<\/p><p><b>Sn\u00e4llhet fr\u00e4mjar innovation<\/b><br \/>En annan anledning till att vara sn\u00e4ll \u00e4r att det skapar psykologisk trygghet.<br \/>Google gjorde en stor studie av vad som g\u00f6r vissa av deras team mer framg\u00e5ngsrika \u00e4n andra. Det visade sig att den viktigaste faktorn var psykologisk trygghet, det vill s\u00e4ga att m\u00e4nniskor v\u00e5gar s\u00e4ga vad de tycker, flagga f\u00f6r problem, och g\u00f6ra fel.<\/p><p>Psykologisk trygghet leder \u00e4ven till \u00f6kad kreativitet, vilket \u00e4r avg\u00f6rande f\u00f6r att f\u00f6retag ska kunna vara innovativa och p\u00e5 sikt \u2013 \u00f6verleva.<br \/>\u2013 F\u00f6r innovation kr\u00e4vs m\u00e5nga id\u00e9er, och d\u00e5 m\u00e5ste m\u00e5nga vara d\u00e5liga, statistiskt s\u00e4tt. Om medarbetarna k\u00e4nner stor trygghet och v\u00e5gar komma p\u00e5 30 d\u00e5liga f\u00f6rslag kommer n\u00e5got bra att dyka upp, s\u00e4ger Lukas Levay.<\/p><p><b>\u00d6va upp din sn\u00e4llhet<\/b><br \/>S\u00e5 vad g\u00f6r du om du inte k\u00e4nner att du \u00e4r s\u00e5 bra p\u00e5 att visa sn\u00e4llhet? D\u00e5 \u00e4r det bara att \u00f6va. S\u00e4tt till exempel som m\u00e5l att komma med tre g\u00e5nger s\u00e5 mycket positiv feedback som negativ. Eller att ge varje medarbetare ber\u00f6m minst en g\u00e5ng om dagen.<br \/>\u2013 Det kanske k\u00e4nns tillgjort i b\u00f6rjan, men till slut sitter det, s\u00e4ger Lukas Levay.<\/p><p>Samtidigt vill han betona att det inte r\u00e4cker med att vara sn\u00e4ll f\u00f6r att vara en bra chef, utan att det beh\u00f6vs en kombination av egenskaper. F\u00f6rutom sn\u00e4llhet \u00e4r det ocks\u00e5 viktigt att vara p\u00e5litlig, leverera h\u00f6g kvalitet, och vara en bra f\u00f6rebild.<\/p><p><b>Ifr\u00e5gas\u00e4tt \u201dgeniet\u201d<\/b><br \/>Och hur ska vi t\u00e4nka kring alla k\u00e4nda chefer som inte alls varit sn\u00e4lla, utan snarare varit nyckfulla och sk\u00e4llt ut folk i tid och otid?<br \/>\u2013 Jag skulle s\u00e4ga att de lyckats trots att de inte varit sn\u00e4lla, och att vi b\u00f6r ifr\u00e5gas\u00e4tta \u201dgenier\u201d som beter sig som idioter, s\u00e4ger Lukas Levay.<\/p>\t\t\t\t\t\t\t\t<\/div>\n\t\t\t\t<\/div>\n\t\t\t\t<div class=\"elementor-element elementor-element-0086b9c elementor-widget elementor-widget-heading\" data-id=\"0086b9c\" data-element_type=\"widget\" data-e-type=\"widget\" data-widget_type=\"heading.default\">\n\t\t\t\t<div class=\"elementor-widget-container\">\n\t\t\t\t\t<h2 class=\"elementor-heading-title elementor-size-default\">Grunden till att vara sn\u00e4ll som chef<\/h2>\t\t\t\t<\/div>\n\t\t\t\t<\/div>\n\t\t\t\t<div class=\"elementor-element elementor-element-76fa28e elementor-icon-list--layout-traditional elementor-list-item-link-full_width elementor-widget elementor-widget-icon-list\" data-id=\"76fa28e\" data-element_type=\"widget\" data-e-type=\"widget\" data-widget_type=\"icon-list.default\">\n\t\t\t\t<div class=\"elementor-widget-container\">\n\t\t\t\t\t\t\t<ul class=\"elementor-icon-list-items\">\n\t\t\t\t\t\t\t<li class=\"elementor-icon-list-item\">\n\t\t\t\t\t\t\t\t\t\t\t<span class=\"elementor-icon-list-icon\">\n\t\t\t\t\t\t\t<i aria-hidden=\"true\" class=\"fas fa-circle\"><\/i>\t\t\t\t\t\t<\/span>\n\t\t\t\t\t\t\t\t\t\t<span class=\"elementor-icon-list-text\">Var respektfull<\/span>\n\t\t\t\t\t\t\t\t\t<\/li>\n\t\t\t\t\t\t\t\t<li class=\"elementor-icon-list-item\">\n\t\t\t\t\t\t\t\t\t\t\t<span class=\"elementor-icon-list-icon\">\n\t\t\t\t\t\t\t<i aria-hidden=\"true\" class=\"fas fa-circle\"><\/i>\t\t\t\t\t\t<\/span>\n\t\t\t\t\t\t\t\t\t\t<span class=\"elementor-icon-list-text\">H\u00e4lsa p\u00e5 alla<\/span>\n\t\t\t\t\t\t\t\t\t<\/li>\n\t\t\t\t\t\t\t\t<li class=\"elementor-icon-list-item\">\n\t\t\t\t\t\t\t\t\t\t\t<span class=\"elementor-icon-list-icon\">\n\t\t\t\t\t\t\t<i aria-hidden=\"true\" class=\"fas fa-circle\"><\/i>\t\t\t\t\t\t<\/span>\n\t\t\t\t\t\t\t\t\t\t<span class=\"elementor-icon-list-text\">Visa att du litar p\u00e5 att medarbetarna<\/span>\n\t\t\t\t\t\t\t\t\t<\/li>\n\t\t\t\t\t\t\t\t<li class=\"elementor-icon-list-item\">\n\t\t\t\t\t\t\t\t\t\t\t<span class=\"elementor-icon-list-icon\">\n\t\t\t\t\t\t\t<i aria-hidden=\"true\" class=\"fas fa-circle\"><\/i>\t\t\t\t\t\t<\/span>\n\t\t\t\t\t\t\t\t\t\t<span class=\"elementor-icon-list-text\">Ge positiv feedback \u2013 och betydligt mer positiv \u00e4n negativ<\/span>\n\t\t\t\t\t\t\t\t\t<\/li>\n\t\t\t\t\t\t\t\t<li class=\"elementor-icon-list-item\">\n\t\t\t\t\t\t\t\t\t\t\t<span class=\"elementor-icon-list-icon\">\n\t\t\t\t\t\t\t<i aria-hidden=\"true\" class=\"fas fa-circle\"><\/i>\t\t\t\t\t\t<\/span>\n\t\t\t\t\t\t\t\t\t\t<span class=\"elementor-icon-list-text\">H\u00e5ll dig lugn i alla l\u00e4gen<\/span>\n\t\t\t\t\t\t\t\t\t<\/li>\n\t\t\t\t\t\t\t\t<li class=\"elementor-icon-list-item\">\n\t\t\t\t\t\t\t\t\t\t\t<span class=\"elementor-icon-list-icon\">\n\t\t\t\t\t\t\t<i aria-hidden=\"true\" class=\"fas fa-circle\"><\/i>\t\t\t\t\t\t<\/span>\n\t\t\t\t\t\t\t\t\t\t<span class=\"elementor-icon-list-text\">Fr\u00e5ga hur folk m\u00e5r, och vad de beh\u00f6ver f\u00f6r att g\u00f6ra ett bra jobb<\/span>\n\t\t\t\t\t\t\t\t\t<\/li>\n\t\t\t\t\t\t\t\t<li class=\"elementor-icon-list-item\">\n\t\t\t\t\t\t\t\t\t\t\t<span class=\"elementor-icon-list-icon\">\n\t\t\t\t\t\t\t<i aria-hidden=\"true\" class=\"fas fa-circle\"><\/i>\t\t\t\t\t\t<\/span>\n\t\t\t\t\t\t\t\t\t\t<span class=\"elementor-icon-list-text\">Lyssna mer \u00e4n du pratar<\/span>\n\t\t\t\t\t\t\t\t\t<\/li>\n\t\t\t\t\t\t\t\t<li class=\"elementor-icon-list-item\">\n\t\t\t\t\t\t\t\t\t\t\t<span class=\"elementor-icon-list-icon\">\n\t\t\t\t\t\t\t<i aria-hidden=\"true\" class=\"fas fa-circle\"><\/i>\t\t\t\t\t\t<\/span>\n\t\t\t\t\t\t\t\t\t\t<span class=\"elementor-icon-list-text\">V\u00e5ga ta dina medarbetare i f\u00f6rsvar<\/span>\n\t\t\t\t\t\t\t\t\t<\/li>\n\t\t\t\t\t\t\t\t<li class=\"elementor-icon-list-item\">\n\t\t\t\t\t\t\t\t\t\t\t<span class=\"elementor-icon-list-icon\">\n\t\t\t\t\t\t\t<i aria-hidden=\"true\" class=\"fas fa-circle\"><\/i>\t\t\t\t\t\t<\/span>\n\t\t\t\t\t\t\t\t\t\t<span class=\"elementor-icon-list-text\">Var inte ironisk eller sarkastisk<\/span>\n\t\t\t\t\t\t\t\t\t<\/li>\n\t\t\t\t\t\t<\/ul>\n\t\t\t\t\t\t<\/div>\n\t\t\t\t<\/div>\n\t\t\t\t\t<\/div>\n\t\t<\/div>\n\t\t\t\t\t<\/div>\n\t\t<\/section>\n\t\t\t\t<\/div>","protected":false},"excerpt":{"rendered":"<p>Studier visar att sn\u00e4lla chefer f\u00e5r medarbetarna att prestera och trivas b\u00e4ttre, och stanna kvar l\u00e4ngre p\u00e5 jobbet. Att vara sn\u00e4ll som chef inneb\u00e4r flera saker. Till exempel att visa omtanke om medarbetarna, ta dem i f\u00f6rsvar (i motsats till att skylla ifr\u00e5n sig p\u00e5 dem), v\u00e5ga lita p\u00e5 att de g\u00f6r ett bra jobb, [&hellip;]<\/p>\n","protected":false},"author":8,"featured_media":1239,"comment_status":"open","ping_status":"closed","sticky":false,"template":"","format":"standard","meta":{"_acf_changed":false,"site-sidebar-layout":"default","site-content-layout":"default","ast-site-content-layout":"default","site-content-style":"default","site-sidebar-style":"default","ast-global-header-display":"","ast-banner-title-visibility":"","ast-main-header-display":"","ast-hfb-above-header-display":"","ast-hfb-below-header-display":"","ast-hfb-mobile-header-display":"","site-post-title":"","ast-breadcrumbs-content":"","ast-featured-img":"","footer-sml-layout":"","ast-disable-related-posts":"","theme-transparent-header-meta":"default","adv-header-id-meta":"","stick-header-meta":"default","header-above-stick-meta":"","header-main-stick-meta":"","header-below-stick-meta":"","astra-migrate-meta-layouts":"default","ast-page-background-enabled":"default","ast-page-background-meta":{"desktop":{"background-color":"","background-image":"","background-repeat":"repeat","background-position":"center center","background-size":"auto","background-attachment":"scroll","background-type":"","background-media":"","overlay-type":"","overlay-color":"","overlay-opacity":"","overlay-gradient":""},"tablet":{"background-color":"","background-image":"","background-repeat":"repeat","background-position":"center center","background-size":"auto","background-attachment":"scroll","background-type":"","background-media":"","overlay-type":"","overlay-color":"","overlay-opacity":"","overlay-gradient":""},"mobile":{"background-color":"","background-image":"","background-repeat":"repeat","background-position":"center center","background-size":"auto","background-attachment":"scroll","background-type":"","background-media":"","overlay-type":"","overlay-color":"","overlay-opacity":"","overlay-gradient":""}},"ast-content-background-meta":{"desktop":{"background-color":"var(--ast-global-color-5)","background-image":"","background-repeat":"repeat","background-position":"center center","background-size":"auto","background-attachment":"scroll","background-type":"","background-media":"","overlay-type":"","overlay-color":"","overlay-opacity":"","overlay-gradient":""},"tablet":{"background-color":"var(--ast-global-color-5)","background-image":"","background-repeat":"repeat","background-position":"center center","background-size":"auto","background-attachment":"scroll","background-type":"","background-media":"","overlay-type":"","overlay-color":"","overlay-opacity":"","overlay-gradient":""},"mobile":{"background-color":"var(--ast-global-color-5)","background-image":"","background-repeat":"repeat","background-position":"center center","background-size":"auto","background-attachment":"scroll","background-type":"","background-media":"","overlay-type":"","overlay-color":"","overlay-opacity":"","overlay-gradient":""}},"footnotes":""},"categories":[44],"tags":[],"class_list":["post-1238","post","type-post","status-publish","format-standard","has-post-thumbnail","hentry","category-gastbloggare"],"acf":[],"yoast_head":"<!-- This site is optimized with the Yoast SEO plugin v27.5 - https:\/\/yoast.com\/product\/yoast-seo-wordpress\/ -->\n<title>Sn\u00e4lla chefer lyckas b\u00e4ttre \u2013 extra viktigt i kristider - Mentalfestivalen<\/title>\n<meta name=\"robots\" content=\"index, follow, max-snippet:-1, max-image-preview:large, max-video-preview:-1\" \/>\n<link rel=\"canonical\" href=\"https:\/\/mentalfestivalen.se\/en\/snalla-chefer-lyckas-battre-extra-viktigt-i-kristider\/\" \/>\n<meta property=\"og:locale\" content=\"en_GB\" \/>\n<meta property=\"og:type\" content=\"article\" \/>\n<meta property=\"og:title\" content=\"Sn\u00e4lla chefer lyckas b\u00e4ttre \u2013 extra viktigt i kristider - Mentalfestivalen\" \/>\n<meta property=\"og:description\" content=\"Studier visar att sn\u00e4lla chefer f\u00e5r medarbetarna att prestera och trivas b\u00e4ttre, och stanna kvar l\u00e4ngre p\u00e5 jobbet. Att vara sn\u00e4ll som chef inneb\u00e4r flera saker. Till exempel att visa omtanke om medarbetarna, ta dem i f\u00f6rsvar (i motsats till att skylla ifr\u00e5n sig p\u00e5 dem), v\u00e5ga lita p\u00e5 att de g\u00f6r ett bra jobb, [&hellip;]\" \/>\n<meta property=\"og:url\" content=\"https:\/\/mentalfestivalen.se\/en\/snalla-chefer-lyckas-battre-extra-viktigt-i-kristider\/\" \/>\n<meta property=\"og:site_name\" content=\"Mentalfestivalen\" \/>\n<meta property=\"article:published_time\" content=\"2020-04-08T07:50:30+00:00\" \/>\n<meta property=\"article:modified_time\" content=\"2022-03-10T10:05:04+00:00\" \/>\n<meta property=\"og:image\" content=\"https:\/\/mentalfestivalen.se\/wp-content\/uploads\/2020\/04\/Lukas_Levay_02_2020-scaled.jpeg\" \/>\n\t<meta property=\"og:image:width\" content=\"2560\" \/>\n\t<meta property=\"og:image:height\" content=\"1828\" \/>\n\t<meta property=\"og:image:type\" content=\"image\/jpeg\" \/>\n<meta name=\"author\" content=\"Mats Wernheim\" \/>\n<meta name=\"twitter:card\" content=\"summary_large_image\" \/>\n<meta name=\"twitter:label1\" content=\"Written by\" \/>\n\t<meta name=\"twitter:data1\" content=\"Mats Wernheim\" \/>\n\t<meta name=\"twitter:label2\" content=\"Estimated reading time\" \/>\n\t<meta name=\"twitter:data2\" content=\"4 minutes\" \/>\n<script type=\"application\/ld+json\" class=\"yoast-schema-graph\">{\"@context\":\"https:\\\/\\\/schema.org\",\"@graph\":[{\"@type\":\"Article\",\"@id\":\"https:\\\/\\\/mentalfestivalen.se\\\/snalla-chefer-lyckas-battre-extra-viktigt-i-kristider\\\/#article\",\"isPartOf\":{\"@id\":\"https:\\\/\\\/mentalfestivalen.se\\\/snalla-chefer-lyckas-battre-extra-viktigt-i-kristider\\\/\"},\"author\":{\"name\":\"Mats Wernheim\",\"@id\":\"https:\\\/\\\/mentalfestivalen.se\\\/#\\\/schema\\\/person\\\/fd3aa9db8400922d5c75a9dc444153ba\"},\"headline\":\"Sn\u00e4lla chefer lyckas b\u00e4ttre \u2013 extra viktigt i kristider\",\"datePublished\":\"2020-04-08T07:50:30+00:00\",\"dateModified\":\"2022-03-10T10:05:04+00:00\",\"mainEntityOfPage\":{\"@id\":\"https:\\\/\\\/mentalfestivalen.se\\\/snalla-chefer-lyckas-battre-extra-viktigt-i-kristider\\\/\"},\"wordCount\":711,\"commentCount\":0,\"image\":{\"@id\":\"https:\\\/\\\/mentalfestivalen.se\\\/snalla-chefer-lyckas-battre-extra-viktigt-i-kristider\\\/#primaryimage\"},\"thumbnailUrl\":\"https:\\\/\\\/mentalfestivalen.se\\\/wp-content\\\/uploads\\\/2020\\\/04\\\/Lukas_Levay_02_2020-scaled.jpeg\",\"articleSection\":[\"G\u00e4stbloggare\"],\"inLanguage\":\"en-GB\",\"potentialAction\":[{\"@type\":\"CommentAction\",\"name\":\"Comment\",\"target\":[\"https:\\\/\\\/mentalfestivalen.se\\\/snalla-chefer-lyckas-battre-extra-viktigt-i-kristider\\\/#respond\"]}]},{\"@type\":\"WebPage\",\"@id\":\"https:\\\/\\\/mentalfestivalen.se\\\/snalla-chefer-lyckas-battre-extra-viktigt-i-kristider\\\/\",\"url\":\"https:\\\/\\\/mentalfestivalen.se\\\/snalla-chefer-lyckas-battre-extra-viktigt-i-kristider\\\/\",\"name\":\"Sn\u00e4lla chefer lyckas b\u00e4ttre \u2013 extra viktigt i kristider - Mentalfestivalen\",\"isPartOf\":{\"@id\":\"https:\\\/\\\/mentalfestivalen.se\\\/#website\"},\"primaryImageOfPage\":{\"@id\":\"https:\\\/\\\/mentalfestivalen.se\\\/snalla-chefer-lyckas-battre-extra-viktigt-i-kristider\\\/#primaryimage\"},\"image\":{\"@id\":\"https:\\\/\\\/mentalfestivalen.se\\\/snalla-chefer-lyckas-battre-extra-viktigt-i-kristider\\\/#primaryimage\"},\"thumbnailUrl\":\"https:\\\/\\\/mentalfestivalen.se\\\/wp-content\\\/uploads\\\/2020\\\/04\\\/Lukas_Levay_02_2020-scaled.jpeg\",\"datePublished\":\"2020-04-08T07:50:30+00:00\",\"dateModified\":\"2022-03-10T10:05:04+00:00\",\"author\":{\"@id\":\"https:\\\/\\\/mentalfestivalen.se\\\/#\\\/schema\\\/person\\\/fd3aa9db8400922d5c75a9dc444153ba\"},\"breadcrumb\":{\"@id\":\"https:\\\/\\\/mentalfestivalen.se\\\/snalla-chefer-lyckas-battre-extra-viktigt-i-kristider\\\/#breadcrumb\"},\"inLanguage\":\"en-GB\",\"potentialAction\":[{\"@type\":\"ReadAction\",\"target\":[\"https:\\\/\\\/mentalfestivalen.se\\\/snalla-chefer-lyckas-battre-extra-viktigt-i-kristider\\\/\"]}]},{\"@type\":\"ImageObject\",\"inLanguage\":\"en-GB\",\"@id\":\"https:\\\/\\\/mentalfestivalen.se\\\/snalla-chefer-lyckas-battre-extra-viktigt-i-kristider\\\/#primaryimage\",\"url\":\"https:\\\/\\\/mentalfestivalen.se\\\/wp-content\\\/uploads\\\/2020\\\/04\\\/Lukas_Levay_02_2020-scaled.jpeg\",\"contentUrl\":\"https:\\\/\\\/mentalfestivalen.se\\\/wp-content\\\/uploads\\\/2020\\\/04\\\/Lukas_Levay_02_2020-scaled.jpeg\",\"width\":2560,\"height\":1828},{\"@type\":\"BreadcrumbList\",\"@id\":\"https:\\\/\\\/mentalfestivalen.se\\\/snalla-chefer-lyckas-battre-extra-viktigt-i-kristider\\\/#breadcrumb\",\"itemListElement\":[{\"@type\":\"ListItem\",\"position\":1,\"name\":\"Hem\",\"item\":\"https:\\\/\\\/mentalfestivalen.se\\\/\"},{\"@type\":\"ListItem\",\"position\":2,\"name\":\"Sn\u00e4lla chefer lyckas b\u00e4ttre \u2013 extra viktigt i kristider\"}]},{\"@type\":\"WebSite\",\"@id\":\"https:\\\/\\\/mentalfestivalen.se\\\/#website\",\"url\":\"https:\\\/\\\/mentalfestivalen.se\\\/\",\"name\":\"Mentalfestivalen\",\"description\":\"Mentalfestivalen\",\"potentialAction\":[{\"@type\":\"SearchAction\",\"target\":{\"@type\":\"EntryPoint\",\"urlTemplate\":\"https:\\\/\\\/mentalfestivalen.se\\\/?s={search_term_string}\"},\"query-input\":{\"@type\":\"PropertyValueSpecification\",\"valueRequired\":true,\"valueName\":\"search_term_string\"}}],\"inLanguage\":\"en-GB\"},{\"@type\":\"Person\",\"@id\":\"https:\\\/\\\/mentalfestivalen.se\\\/#\\\/schema\\\/person\\\/fd3aa9db8400922d5c75a9dc444153ba\",\"name\":\"Mats Wernheim\",\"image\":{\"@type\":\"ImageObject\",\"inLanguage\":\"en-GB\",\"@id\":\"https:\\\/\\\/secure.gravatar.com\\\/avatar\\\/9109ed7993734bce8a4fd7ce45fd76ee8608790e024ae80ea4a7ddd09e3af807?s=96&d=mm&r=g\",\"url\":\"https:\\\/\\\/secure.gravatar.com\\\/avatar\\\/9109ed7993734bce8a4fd7ce45fd76ee8608790e024ae80ea4a7ddd09e3af807?s=96&d=mm&r=g\",\"contentUrl\":\"https:\\\/\\\/secure.gravatar.com\\\/avatar\\\/9109ed7993734bce8a4fd7ce45fd76ee8608790e024ae80ea4a7ddd09e3af807?s=96&d=mm&r=g\",\"caption\":\"Mats Wernheim\"},\"url\":\"https:\\\/\\\/mentalfestivalen.se\\\/en\\\/author\\\/mats-wernheimvile-se\\\/\"}]}<\/script>\n<!-- \/ Yoast SEO plugin. -->","yoast_head_json":{"title":"Sn\u00e4lla chefer lyckas b\u00e4ttre \u2013 extra viktigt i kristider - Mentalfestivalen","robots":{"index":"index","follow":"follow","max-snippet":"max-snippet:-1","max-image-preview":"max-image-preview:large","max-video-preview":"max-video-preview:-1"},"canonical":"https:\/\/mentalfestivalen.se\/en\/snalla-chefer-lyckas-battre-extra-viktigt-i-kristider\/","og_locale":"en_GB","og_type":"article","og_title":"Sn\u00e4lla chefer lyckas b\u00e4ttre \u2013 extra viktigt i kristider - Mentalfestivalen","og_description":"Studier visar att sn\u00e4lla chefer f\u00e5r medarbetarna att prestera och trivas b\u00e4ttre, och stanna kvar l\u00e4ngre p\u00e5 jobbet. Att vara sn\u00e4ll som chef inneb\u00e4r flera saker. Till exempel att visa omtanke om medarbetarna, ta dem i f\u00f6rsvar (i motsats till att skylla ifr\u00e5n sig p\u00e5 dem), v\u00e5ga lita p\u00e5 att de g\u00f6r ett bra jobb, [&hellip;]","og_url":"https:\/\/mentalfestivalen.se\/en\/snalla-chefer-lyckas-battre-extra-viktigt-i-kristider\/","og_site_name":"Mentalfestivalen","article_published_time":"2020-04-08T07:50:30+00:00","article_modified_time":"2022-03-10T10:05:04+00:00","og_image":[{"width":2560,"height":1828,"url":"https:\/\/mentalfestivalen.se\/wp-content\/uploads\/2020\/04\/Lukas_Levay_02_2020-scaled.jpeg","type":"image\/jpeg"}],"author":"Mats Wernheim","twitter_card":"summary_large_image","twitter_misc":{"Written by":"Mats Wernheim","Estimated reading time":"4 minutes"},"schema":{"@context":"https:\/\/schema.org","@graph":[{"@type":"Article","@id":"https:\/\/mentalfestivalen.se\/snalla-chefer-lyckas-battre-extra-viktigt-i-kristider\/#article","isPartOf":{"@id":"https:\/\/mentalfestivalen.se\/snalla-chefer-lyckas-battre-extra-viktigt-i-kristider\/"},"author":{"name":"Mats Wernheim","@id":"https:\/\/mentalfestivalen.se\/#\/schema\/person\/fd3aa9db8400922d5c75a9dc444153ba"},"headline":"Sn\u00e4lla chefer lyckas b\u00e4ttre \u2013 extra viktigt i kristider","datePublished":"2020-04-08T07:50:30+00:00","dateModified":"2022-03-10T10:05:04+00:00","mainEntityOfPage":{"@id":"https:\/\/mentalfestivalen.se\/snalla-chefer-lyckas-battre-extra-viktigt-i-kristider\/"},"wordCount":711,"commentCount":0,"image":{"@id":"https:\/\/mentalfestivalen.se\/snalla-chefer-lyckas-battre-extra-viktigt-i-kristider\/#primaryimage"},"thumbnailUrl":"https:\/\/mentalfestivalen.se\/wp-content\/uploads\/2020\/04\/Lukas_Levay_02_2020-scaled.jpeg","articleSection":["G\u00e4stbloggare"],"inLanguage":"en-GB","potentialAction":[{"@type":"CommentAction","name":"Comment","target":["https:\/\/mentalfestivalen.se\/snalla-chefer-lyckas-battre-extra-viktigt-i-kristider\/#respond"]}]},{"@type":"WebPage","@id":"https:\/\/mentalfestivalen.se\/snalla-chefer-lyckas-battre-extra-viktigt-i-kristider\/","url":"https:\/\/mentalfestivalen.se\/snalla-chefer-lyckas-battre-extra-viktigt-i-kristider\/","name":"Sn\u00e4lla chefer lyckas b\u00e4ttre \u2013 extra viktigt i kristider - Mentalfestivalen","isPartOf":{"@id":"https:\/\/mentalfestivalen.se\/#website"},"primaryImageOfPage":{"@id":"https:\/\/mentalfestivalen.se\/snalla-chefer-lyckas-battre-extra-viktigt-i-kristider\/#primaryimage"},"image":{"@id":"https:\/\/mentalfestivalen.se\/snalla-chefer-lyckas-battre-extra-viktigt-i-kristider\/#primaryimage"},"thumbnailUrl":"https:\/\/mentalfestivalen.se\/wp-content\/uploads\/2020\/04\/Lukas_Levay_02_2020-scaled.jpeg","datePublished":"2020-04-08T07:50:30+00:00","dateModified":"2022-03-10T10:05:04+00:00","author":{"@id":"https:\/\/mentalfestivalen.se\/#\/schema\/person\/fd3aa9db8400922d5c75a9dc444153ba"},"breadcrumb":{"@id":"https:\/\/mentalfestivalen.se\/snalla-chefer-lyckas-battre-extra-viktigt-i-kristider\/#breadcrumb"},"inLanguage":"en-GB","potentialAction":[{"@type":"ReadAction","target":["https:\/\/mentalfestivalen.se\/snalla-chefer-lyckas-battre-extra-viktigt-i-kristider\/"]}]},{"@type":"ImageObject","inLanguage":"en-GB","@id":"https:\/\/mentalfestivalen.se\/snalla-chefer-lyckas-battre-extra-viktigt-i-kristider\/#primaryimage","url":"https:\/\/mentalfestivalen.se\/wp-content\/uploads\/2020\/04\/Lukas_Levay_02_2020-scaled.jpeg","contentUrl":"https:\/\/mentalfestivalen.se\/wp-content\/uploads\/2020\/04\/Lukas_Levay_02_2020-scaled.jpeg","width":2560,"height":1828},{"@type":"BreadcrumbList","@id":"https:\/\/mentalfestivalen.se\/snalla-chefer-lyckas-battre-extra-viktigt-i-kristider\/#breadcrumb","itemListElement":[{"@type":"ListItem","position":1,"name":"Hem","item":"https:\/\/mentalfestivalen.se\/"},{"@type":"ListItem","position":2,"name":"Sn\u00e4lla chefer lyckas b\u00e4ttre \u2013 extra viktigt i kristider"}]},{"@type":"WebSite","@id":"https:\/\/mentalfestivalen.se\/#website","url":"https:\/\/mentalfestivalen.se\/","name":"Mentalfestivalen","description":"Mentalfestivalen","potentialAction":[{"@type":"SearchAction","target":{"@type":"EntryPoint","urlTemplate":"https:\/\/mentalfestivalen.se\/?s={search_term_string}"},"query-input":{"@type":"PropertyValueSpecification","valueRequired":true,"valueName":"search_term_string"}}],"inLanguage":"en-GB"},{"@type":"Person","@id":"https:\/\/mentalfestivalen.se\/#\/schema\/person\/fd3aa9db8400922d5c75a9dc444153ba","name":"Mats Wernheim","image":{"@type":"ImageObject","inLanguage":"en-GB","@id":"https:\/\/secure.gravatar.com\/avatar\/9109ed7993734bce8a4fd7ce45fd76ee8608790e024ae80ea4a7ddd09e3af807?s=96&d=mm&r=g","url":"https:\/\/secure.gravatar.com\/avatar\/9109ed7993734bce8a4fd7ce45fd76ee8608790e024ae80ea4a7ddd09e3af807?s=96&d=mm&r=g","contentUrl":"https:\/\/secure.gravatar.com\/avatar\/9109ed7993734bce8a4fd7ce45fd76ee8608790e024ae80ea4a7ddd09e3af807?s=96&d=mm&r=g","caption":"Mats Wernheim"},"url":"https:\/\/mentalfestivalen.se\/en\/author\/mats-wernheimvile-se\/"}]}},"_links":{"self":[{"href":"https:\/\/mentalfestivalen.se\/en\/wp-json\/wp\/v2\/posts\/1238","targetHints":{"allow":["GET"]}}],"collection":[{"href":"https:\/\/mentalfestivalen.se\/en\/wp-json\/wp\/v2\/posts"}],"about":[{"href":"https:\/\/mentalfestivalen.se\/en\/wp-json\/wp\/v2\/types\/post"}],"author":[{"embeddable":true,"href":"https:\/\/mentalfestivalen.se\/en\/wp-json\/wp\/v2\/users\/8"}],"replies":[{"embeddable":true,"href":"https:\/\/mentalfestivalen.se\/en\/wp-json\/wp\/v2\/comments?post=1238"}],"version-history":[{"count":0,"href":"https:\/\/mentalfestivalen.se\/en\/wp-json\/wp\/v2\/posts\/1238\/revisions"}],"wp:featuredmedia":[{"embeddable":true,"href":"https:\/\/mentalfestivalen.se\/en\/wp-json\/wp\/v2\/media\/1239"}],"wp:attachment":[{"href":"https:\/\/mentalfestivalen.se\/en\/wp-json\/wp\/v2\/media?parent=1238"}],"wp:term":[{"taxonomy":"category","embeddable":true,"href":"https:\/\/mentalfestivalen.se\/en\/wp-json\/wp\/v2\/categories?post=1238"},{"taxonomy":"post_tag","embeddable":true,"href":"https:\/\/mentalfestivalen.se\/en\/wp-json\/wp\/v2\/tags?post=1238"}],"curies":[{"name":"wp","href":"https:\/\/api.w.org\/{rel}","templated":true}]}}