{"id":1215,"date":"2020-03-17T08:33:57","date_gmt":"2020-03-17T08:33:57","guid":{"rendered":"https:\/\/mentalfestivalen.se\/?p=1215"},"modified":"2022-03-10T10:05:25","modified_gmt":"2022-03-10T10:05:25","slug":"galet-inte-okej-harresande","status":"publish","type":"post","link":"https:\/\/mentalfestivalen.se\/en\/galet-inte-okej-harresande\/","title":{"rendered":"Galet. Inte okej. H\u00e5rresande."},"content":{"rendered":"<div data-elementor-type=\"wp-post\" data-elementor-id=\"1215\" class=\"elementor elementor-1215\" data-elementor-post-type=\"post\">\n\t\t\t\t\t\t<section class=\"elementor-section elementor-top-section elementor-element elementor-element-041003e elementor-section-boxed elementor-section-height-default elementor-section-height-default\" data-id=\"041003e\" data-element_type=\"section\" data-e-type=\"section\">\n\t\t\t\t\t\t<div class=\"elementor-container elementor-column-gap-default\">\n\t\t\t\t\t<div class=\"elementor-column elementor-col-100 elementor-top-column elementor-element elementor-element-8ac9617\" data-id=\"8ac9617\" data-element_type=\"column\" data-e-type=\"column\">\n\t\t\t<div class=\"elementor-widget-wrap elementor-element-populated\">\n\t\t\t\t\t\t<div class=\"elementor-element elementor-element-20bb4f7 elementor-invisible elementor-widget elementor-widget-heading\" data-id=\"20bb4f7\" data-element_type=\"widget\" data-e-type=\"widget\" data-settings=\"{&quot;_animation&quot;:&quot;fadeIn&quot;}\" data-widget_type=\"heading.default\">\n\t\t\t\t<div class=\"elementor-widget-container\">\n\t\t\t\t\t<h2 class=\"elementor-heading-title elementor-size-default\"><span style=\"color: #f1cd75\">Visste<\/span> du att...<\/h2>\t\t\t\t<\/div>\n\t\t\t\t<\/div>\n\t\t\t\t<div class=\"elementor-element elementor-element-79b1af56 elementor-align-start elementor-icon-list--layout-traditional elementor-list-item-link-full_width elementor-widget elementor-widget-icon-list\" data-id=\"79b1af56\" data-element_type=\"widget\" data-e-type=\"widget\" data-widget_type=\"icon-list.default\">\n\t\t\t\t<div class=\"elementor-widget-container\">\n\t\t\t\t\t\t\t<ul class=\"elementor-icon-list-items\">\n\t\t\t\t\t\t\t<li class=\"elementor-icon-list-item\">\n\t\t\t\t\t\t\t\t\t\t\t<span class=\"elementor-icon-list-icon\">\n\t\t\t\t\t\t\t<i aria-hidden=\"true\" class=\"fas fa-circle\"><\/i>\t\t\t\t\t\t<\/span>\n\t\t\t\t\t\t\t\t\t\t<span class=\"elementor-icon-list-text\">6 av 10 arbetsl\u00f6sa kommer fr\u00e5n ett utomeuropeiskt land?<\/span>\n\t\t\t\t\t\t\t\t\t<\/li>\n\t\t\t\t\t\t\t\t<li class=\"elementor-icon-list-item\">\n\t\t\t\t\t\t\t\t\t\t\t<span class=\"elementor-icon-list-icon\">\n\t\t\t\t\t\t\t<i aria-hidden=\"true\" class=\"fas fa-circle\"><\/i>\t\t\t\t\t\t<\/span>\n\t\t\t\t\t\t\t\t\t\t<span class=\"elementor-icon-list-text\">arbetsl\u00f6sheten bland kvinnor f\u00f6dda utanf\u00f6r Europa \u00e4r drygt 30 procent?<\/span>\n\t\t\t\t\t\t\t\t\t<\/li>\n\t\t\t\t\t\t\t\t<li class=\"elementor-icon-list-item\">\n\t\t\t\t\t\t\t\t\t\t\t<span class=\"elementor-icon-list-icon\">\n\t\t\t\t\t\t\t<i aria-hidden=\"true\" class=\"fas fa-circle\"><\/i>\t\t\t\t\t\t<\/span>\n\t\t\t\t\t\t\t\t\t\t<span class=\"elementor-icon-list-text\">bara 40 procent av utrikesf\u00f6dda kvinnor har arbete efter sju \u00e5r i Sverige?<\/span>\n\t\t\t\t\t\t\t\t\t<\/li>\n\t\t\t\t\t\t<\/ul>\n\t\t\t\t\t\t<\/div>\n\t\t\t\t<\/div>\n\t\t\t\t\t<\/div>\n\t\t<\/div>\n\t\t\t\t\t<\/div>\n\t\t<\/section>\n\t\t\t\t<section class=\"elementor-section elementor-inner-section elementor-element elementor-element-64fe9090 elementor-hidden-desktop elementor-hidden-tablet elementor-hidden-phone elementor-section-boxed elementor-section-height-default elementor-section-height-default\" data-id=\"64fe9090\" data-element_type=\"section\" data-e-type=\"section\">\n\t\t\t\t\t\t<div class=\"elementor-container elementor-column-gap-default\">\n\t\t\t\t\t<div class=\"elementor-column elementor-col-33 elementor-inner-column elementor-element elementor-element-718944a8\" data-id=\"718944a8\" data-element_type=\"column\" data-e-type=\"column\" data-settings=\"{&quot;background_background&quot;:&quot;classic&quot;}\">\n\t\t\t<div class=\"elementor-widget-wrap elementor-element-populated\">\n\t\t\t\t\t<div class=\"elementor-background-overlay\"><\/div>\n\t\t\t\t\t\t<div class=\"elementor-element elementor-element-b8fd44c elementor-widget elementor-widget-heading\" data-id=\"b8fd44c\" data-element_type=\"widget\" data-e-type=\"widget\" data-widget_type=\"heading.default\">\n\t\t\t\t<div class=\"elementor-widget-container\">\n\t\t\t\t\t<h2 class=\"elementor-heading-title elementor-size-default\">The \"bearded child\" who became a successful entrepreneur\n<\/h2>\t\t\t\t<\/div>\n\t\t\t\t<\/div>\n\t\t\t\t<div class=\"elementor-element elementor-element-5c411ca4 elementor-widget elementor-widget-text-editor\" data-id=\"5c411ca4\" data-element_type=\"widget\" data-e-type=\"widget\" data-widget_type=\"text-editor.default\">\n\t\t\t\t<div class=\"elementor-widget-container\">\n\t\t\t\t\t\t\t\t\t<p><span style=\"font-weight: 400;\">He came to Sweden as a sixteen-year-old lone refugee, but quickly became a successful entrepreneur.<\/span><\/p>\t\t\t\t\t\t\t\t<\/div>\n\t\t\t\t<\/div>\n\t\t\t\t<div class=\"elementor-element elementor-element-4fdc05ea elementor-align-center elementor-widget elementor-widget-button\" data-id=\"4fdc05ea\" data-element_type=\"widget\" data-e-type=\"widget\" data-widget_type=\"button.default\">\n\t\t\t\t<div class=\"elementor-widget-container\">\n\t\t\t\t\t\t\t\t\t<div class=\"elementor-button-wrapper\">\n\t\t\t\t\t<a class=\"elementor-button elementor-button-link elementor-size-sm\" href=\"https:\/\/mentalfestivalen.se\/en\/att-gora-pa-jobbfestivalen\/#1\">\n\t\t\t\t\t\t<span class=\"elementor-button-content-wrapper\">\n\t\t\t\t\t\t\t\t\t<span class=\"elementor-button-text\">Read more<\/span>\n\t\t\t\t\t<\/span>\n\t\t\t\t\t<\/a>\n\t\t\t\t<\/div>\n\t\t\t\t\t\t\t\t<\/div>\n\t\t\t\t<\/div>\n\t\t\t\t\t<\/div>\n\t\t<\/div>\n\t\t\t\t<div class=\"elementor-column elementor-col-33 elementor-inner-column elementor-element elementor-element-76d3cd8f\" data-id=\"76d3cd8f\" data-element_type=\"column\" data-e-type=\"column\" data-settings=\"{&quot;background_background&quot;:&quot;classic&quot;}\">\n\t\t\t<div class=\"elementor-widget-wrap elementor-element-populated\">\n\t\t\t\t\t<div class=\"elementor-background-overlay\"><\/div>\n\t\t\t\t\t\t<div class=\"elementor-element elementor-element-2ae15660 elementor-widget elementor-widget-heading\" data-id=\"2ae15660\" data-element_type=\"widget\" data-e-type=\"widget\" data-widget_type=\"heading.default\">\n\t\t\t\t<div class=\"elementor-widget-container\">\n\t\t\t\t\t<h2 class=\"elementor-heading-title elementor-size-default\">R\u00e4ttvis rekrytering<\/h2>\t\t\t\t<\/div>\n\t\t\t\t<\/div>\n\t\t\t\t<div class=\"elementor-element elementor-element-56a0dcf8 elementor-widget elementor-widget-text-editor\" data-id=\"56a0dcf8\" data-element_type=\"widget\" data-e-type=\"widget\" data-widget_type=\"text-editor.default\">\n\t\t\t\t<div class=\"elementor-widget-container\">\n\t\t\t\t\t\t\t\t\t<p>How come it is so hard to tire of Netflix? Bj\u00f6rn Elowson talks about how algorithms can be used in recruitment and staffing.<\/p>\t\t\t\t\t\t\t\t<\/div>\n\t\t\t\t<\/div>\n\t\t\t\t<div class=\"elementor-element elementor-element-691c9a22 elementor-align-center elementor-widget elementor-widget-button\" data-id=\"691c9a22\" data-element_type=\"widget\" data-e-type=\"widget\" data-widget_type=\"button.default\">\n\t\t\t\t<div class=\"elementor-widget-container\">\n\t\t\t\t\t\t\t\t\t<div class=\"elementor-button-wrapper\">\n\t\t\t\t\t<a class=\"elementor-button elementor-button-link elementor-size-sm\" href=\"https:\/\/mentalfestivalen.se\/en\/att-gora-pa-jobbfestivalen\/#2\">\n\t\t\t\t\t\t<span class=\"elementor-button-content-wrapper\">\n\t\t\t\t\t\t\t\t\t<span class=\"elementor-button-text\">Read more<\/span>\n\t\t\t\t\t<\/span>\n\t\t\t\t\t<\/a>\n\t\t\t\t<\/div>\n\t\t\t\t\t\t\t\t<\/div>\n\t\t\t\t<\/div>\n\t\t\t\t\t<\/div>\n\t\t<\/div>\n\t\t\t\t<div class=\"elementor-column elementor-col-33 elementor-inner-column elementor-element elementor-element-25310ee\" data-id=\"25310ee\" data-element_type=\"column\" data-e-type=\"column\" data-settings=\"{&quot;background_background&quot;:&quot;classic&quot;}\">\n\t\t\t<div class=\"elementor-widget-wrap elementor-element-populated\">\n\t\t\t\t\t<div class=\"elementor-background-overlay\"><\/div>\n\t\t\t\t\t\t<div class=\"elementor-element elementor-element-13d0cafb elementor-widget elementor-widget-heading\" data-id=\"13d0cafb\" data-element_type=\"widget\" data-e-type=\"widget\" data-widget_type=\"heading.default\">\n\t\t\t\t<div class=\"elementor-widget-container\">\n\t\t\t\t\t<h2 class=\"elementor-heading-title elementor-size-default\">The job - the way to real integration<\/h2>\t\t\t\t<\/div>\n\t\t\t\t<\/div>\n\t\t\t\t<div class=\"elementor-element elementor-element-19e5b50d elementor-widget elementor-widget-text-editor\" data-id=\"19e5b50d\" data-element_type=\"widget\" data-e-type=\"widget\" data-widget_type=\"text-editor.default\">\n\t\t\t\t<div class=\"elementor-widget-container\">\n\t\t\t\t\t\t\t\t\t<p>Arbetsplatser kan vara viktiga integrationsmotorer. Det vet inte minst restaurangkedjan MAX.\u00a0<\/p>\t\t\t\t\t\t\t\t<\/div>\n\t\t\t\t<\/div>\n\t\t\t\t<div class=\"elementor-element elementor-element-468f0468 elementor-align-center elementor-widget elementor-widget-button\" data-id=\"468f0468\" data-element_type=\"widget\" data-e-type=\"widget\" data-widget_type=\"button.default\">\n\t\t\t\t<div class=\"elementor-widget-container\">\n\t\t\t\t\t\t\t\t\t<div class=\"elementor-button-wrapper\">\n\t\t\t\t\t<a class=\"elementor-button elementor-button-link elementor-size-sm\" href=\"https:\/\/mentalfestivalen.se\/en\/att-gora-pa-jobbfestivalen\/#3\">\n\t\t\t\t\t\t<span class=\"elementor-button-content-wrapper\">\n\t\t\t\t\t\t\t\t\t<span class=\"elementor-button-text\">Read more<\/span>\n\t\t\t\t\t<\/span>\n\t\t\t\t\t<\/a>\n\t\t\t\t<\/div>\n\t\t\t\t\t\t\t\t<\/div>\n\t\t\t\t<\/div>\n\t\t\t\t\t<\/div>\n\t\t<\/div>\n\t\t\t\t\t<\/div>\n\t\t<\/section>\n\t\t\t\t<section class=\"elementor-section elementor-top-section elementor-element elementor-element-b4eba39 elementor-section-boxed elementor-section-height-default elementor-section-height-default\" data-id=\"b4eba39\" data-element_type=\"section\" data-e-type=\"section\">\n\t\t\t\t\t\t<div class=\"elementor-container elementor-column-gap-default\">\n\t\t\t\t\t<div class=\"elementor-column elementor-col-100 elementor-top-column elementor-element elementor-element-36d6803\" data-id=\"36d6803\" data-element_type=\"column\" data-e-type=\"column\">\n\t\t\t<div class=\"elementor-widget-wrap elementor-element-populated\">\n\t\t\t\t\t\t<div class=\"elementor-element elementor-element-1b490b3 elementor-widget elementor-widget-text-editor\" data-id=\"1b490b3\" data-element_type=\"widget\" data-e-type=\"widget\" data-widget_type=\"text-editor.default\">\n\t\t\t\t<div class=\"elementor-widget-container\">\n\t\t\t\t\t\t\t\t\t<p><b>Galet. Inte okej. H\u00e5rresande.<\/b><\/p><p>Vad du \u00e4n kallar det s\u00e5 kan vi knappast kalla det framg\u00e5ngsrikt.<\/p><p>Ber\u00e4kningar fr\u00e5n finansdepartementet visar dessutom att statsfinanserna skulle st\u00e4rkas med 37 miljarder om utrikesf\u00f6dda kvinnor jobbade lika mycket som kvinnor f\u00f6dda i Sverige. F\u00f6r att inte tala om den p\u00e5verkan det har p\u00e5 individen sj\u00e4lv att inte f\u00e5 anv\u00e4nda sin f\u00f6rm\u00e5ga, att tj\u00e4na sina egna pengar och att bidra till samh\u00e4llet.<\/p><p>Integration \u00e4r en stor fr\u00e5ga av naturliga sk\u00e4l (som siffrorna ovan visar) och enorma pengar pumpas in i systemet.<\/p><p>Vissa aktiviteter faller s\u00e4kert v\u00e4l ut men m\u00e5nga av de insatser som vi ser verkar inte fungera optimalt. Det pratas mycket och skylls ofta p\u00e5 l\u00e5gutbildade kvinnor och ovilja till jobb men om vi sl\u00e4pper det en liten stund och faktiskt tittar p\u00e5 de kvinnor som har utbildning, gymnasial eller h\u00f6gre, och vill jobba \u00e4r det fortsatt f\u00f6r h\u00f6gra siffror &#8211; 54% av den totala gruppen arbetsl\u00f6sa inskrivna p\u00e5 Arbetsf\u00f6rmedlingen(exkl. alla kvinnor som inte valt att skriva in sig d\u00e4r). D\u00e4rf\u00f6r \u00e4r det mer intressant att st\u00e4lla sig fr\u00e5gan: Varf\u00f6r funkar det inte f\u00f6r dem?<\/p><p>Och det \u00e4r lite av en g\u00e5ta f\u00f6r mig, varf\u00f6r inte aktiviteter av mer n\u00e4tverkande och socialt slag \u00e4r starkare och tydligare ihopkopplat med hela integrationsprocessen. Rent finansiellt allts\u00e5. Jag menar, d\u00e5 vi vet att de d\u00e5 de flesta jobb (visar talar om upp till 80 procent!) f\u00f6rmedlas via kontakter beh\u00f6ver vi ocks\u00e5 bygga individers egna n\u00e4tverk och sociala kontaktytor f\u00f6r att just kunna hj\u00e4lpa sig sj\u00e4lva fram\u00e5t och hitta sin v\u00e4g och finna jobb.<\/p><p>Det r\u00e4cker inte med att tr\u00e4ffa Arbetsf\u00f6rmedlingen f\u00f6r att f\u00e5 ett jobb, g\u00e5 p\u00e5 SFI f\u00f6r att l\u00e4ra sig svenska och f\u00e5 samh\u00e4llsinformation f\u00f6r att integrera. Det kr\u00e4vs RIKTIGA m\u00e4nniskor, sociala kontakter och inkluderande sammanhang.<\/p><p>Det h\u00e4r blev startskottet f\u00f6r min egen organisation, Unifemmes \u2013 a women&#8217;s integration and career network, som idag har funnits sedan april 2019 och idag har 170 medlemmar (fr\u00e4mst i Stockholms norrort). Unifemmes syfte \u00e4r att vara en m\u00f6tesplats d\u00e4r tjejer med olika bakgrund kan tr\u00e4ffas som aldrig annars hade m\u00f6ts. M\u00e5ls\u00e4ttningen \u00e4r att integrera utrikesf\u00f6dda kvinnor in i samh\u00e4llet genom social inkludering och gemenskap. Genom att bygga upp deras egna sociala n\u00e4tverk ger vi mycket st\u00f6rre m\u00f6jligheter till jobb och i f\u00f6rl\u00e4ngningen egenmakt, sj\u00e4lvf\u00f6rtroende och ett b\u00e4ttre liv.<\/p><p>Det h\u00e4r syns\u00e4ttet speglar ocks\u00e5 Jobbfestivalen id\u00e9 om att skapa en m\u00f6tesplats d\u00e4r m\u00e4nniskor kan m\u00f6tas p\u00e5 ett l\u00e4tt och inbjudande s\u00e4tt. Jag tror att vi beh\u00f6ver b\u00f6rja se p\u00e5 integration p\u00e5 ett nytt s\u00e4tt. Testa nya v\u00e4ga och olika s\u00e4tt som passar olika personer. Jag tror p\u00e5 att vi beh\u00f6ver bli fler som engagerar oss f\u00f6r vi \u00e4r alla, mig inkluderad, b\u00e5de en del av problemet och d\u00e4rf\u00f6r ocks\u00e5 en del av l\u00f6sningen. Att p\u00e5 detta s\u00e4tt, som Jobbfestivalen g\u00f6r, att s\u00e4tta fokus p\u00e5 omr\u00e5det och f\u00e5 upp det p\u00e5 agendan igen tror jag bara borgar f\u00f6r Framg\u00e5ng.<\/p><p><b>Vi ses v\u00e4l p\u00e5 Jobbfestivalen den 25 maj!?<\/b><\/p><p>Vill du g\u00e5 med i Unifemmes? <a href=\"https:\/\/www.facebook.com\/groups\/2098470160444606\/\">Du hittar oss p\u00e5 Facebook. Unifemmes \u2013 Stockholm norrort<\/a><\/p><p>K\u00e4llor:<br \/><a href=\"http:\/\/www.svt.se\/nyheter\/inrikes\/haddy-i-sverige-maste-man-jobba\">Utrikesf\u00f6dda kvinnor, Arbetsf\u00f6rmedlingens \u00e5terrapportering 2019, SVT<\/a><\/p>\t\t\t\t\t\t\t\t<\/div>\n\t\t\t\t<\/div>\n\t\t\t\t\t<\/div>\n\t\t<\/div>\n\t\t\t\t\t<\/div>\n\t\t<\/section>\n\t\t\t\t<\/div>","protected":false},"excerpt":{"rendered":"<p>Visste du att 6 av 10 arbetsl\u00f6sa kommer fr\u00e5n ett utomeuropeiskt land? eller att arbetsl\u00f6sheten bland kvinnor f\u00f6dda utanf\u00f6r Europa \u00e4r drygt 30 procent?<br \/>\nbara 40 procent av utrikesf\u00f6dda kvinnor har arbete efter sju \u00e5r i Sverige?<\/p>","protected":false},"author":8,"featured_media":1222,"comment_status":"open","ping_status":"closed","sticky":false,"template":"","format":"standard","meta":{"_acf_changed":false,"site-sidebar-layout":"default","site-content-layout":"default","ast-site-content-layout":"default","site-content-style":"default","site-sidebar-style":"default","ast-global-header-display":"","ast-banner-title-visibility":"","ast-main-header-display":"","ast-hfb-above-header-display":"","ast-hfb-below-header-display":"","ast-hfb-mobile-header-display":"","site-post-title":"","ast-breadcrumbs-content":"","ast-featured-img":"","footer-sml-layout":"","ast-disable-related-posts":"","theme-transparent-header-meta":"default","adv-header-id-meta":"","stick-header-meta":"default","header-above-stick-meta":"","header-main-stick-meta":"","header-below-stick-meta":"","astra-migrate-meta-layouts":"default","ast-page-background-enabled":"default","ast-page-background-meta":{"desktop":{"background-color":"","background-image":"","background-repeat":"repeat","background-position":"center center","background-size":"auto","background-attachment":"scroll","background-type":"","background-media":"","overlay-type":"","overlay-color":"","overlay-opacity":"","overlay-gradient":""},"tablet":{"background-color":"","background-image":"","background-repeat":"repeat","background-position":"center center","background-size":"auto","background-attachment":"scroll","background-type":"","background-media":"","overlay-type":"","overlay-color":"","overlay-opacity":"","overlay-gradient":""},"mobile":{"background-color":"","background-image":"","background-repeat":"repeat","background-position":"center center","background-size":"auto","background-attachment":"scroll","background-type":"","background-media":"","overlay-type":"","overlay-color":"","overlay-opacity":"","overlay-gradient":""}},"ast-content-background-meta":{"desktop":{"background-color":"var(--ast-global-color-5)","background-image":"","background-repeat":"repeat","background-position":"center center","background-size":"auto","background-attachment":"scroll","background-type":"","background-media":"","overlay-type":"","overlay-color":"","overlay-opacity":"","overlay-gradient":""},"tablet":{"background-color":"var(--ast-global-color-5)","background-image":"","background-repeat":"repeat","background-position":"center center","background-size":"auto","background-attachment":"scroll","background-type":"","background-media":"","overlay-type":"","overlay-color":"","overlay-opacity":"","overlay-gradient":""},"mobile":{"background-color":"var(--ast-global-color-5)","background-image":"","background-repeat":"repeat","background-position":"center center","background-size":"auto","background-attachment":"scroll","background-type":"","background-media":"","overlay-type":"","overlay-color":"","overlay-opacity":"","overlay-gradient":""}},"footnotes":""},"categories":[44],"tags":[],"class_list":["post-1215","post","type-post","status-publish","format-standard","has-post-thumbnail","hentry","category-gastbloggare"],"acf":[],"yoast_head":"<!-- This site is optimized with the Yoast SEO plugin v27.5 - https:\/\/yoast.com\/product\/yoast-seo-wordpress\/ -->\n<title>Galet. Inte okej. H\u00e5rresande. - Mentalfestivalen<\/title>\n<meta name=\"robots\" content=\"index, follow, max-snippet:-1, max-image-preview:large, max-video-preview:-1\" \/>\n<link rel=\"canonical\" href=\"https:\/\/mentalfestivalen.se\/en\/galet-inte-okej-harresande\/\" \/>\n<meta property=\"og:locale\" content=\"en_GB\" \/>\n<meta property=\"og:type\" content=\"article\" \/>\n<meta property=\"og:title\" content=\"Galet. Inte okej. H\u00e5rresande. - Mentalfestivalen\" \/>\n<meta property=\"og:description\" content=\"Visste du att 6 av 10 arbetsl\u00f6sa kommer fr\u00e5n ett utomeuropeiskt land? eller att arbetsl\u00f6sheten bland kvinnor f\u00f6dda utanf\u00f6r Europa \u00e4r drygt 30 procent? bara 40 procent av utrikesf\u00f6dda kvinnor har arbete efter sju \u00e5r i Sverige?\" \/>\n<meta property=\"og:url\" content=\"https:\/\/mentalfestivalen.se\/en\/galet-inte-okej-harresande\/\" \/>\n<meta property=\"og:site_name\" content=\"Mentalfestivalen\" \/>\n<meta property=\"article:published_time\" content=\"2020-03-17T08:33:57+00:00\" \/>\n<meta property=\"article:modified_time\" content=\"2022-03-10T10:05:25+00:00\" \/>\n<meta property=\"og:image\" content=\"https:\/\/mentalfestivalen.se\/wp-content\/uploads\/2020\/03\/eye-for-ebony-OExQjtxbIpE-unsplash-scaled.jpg\" \/>\n\t<meta property=\"og:image:width\" content=\"2560\" \/>\n\t<meta property=\"og:image:height\" content=\"1705\" \/>\n\t<meta property=\"og:image:type\" content=\"image\/jpeg\" \/>\n<meta name=\"author\" content=\"Mats Wernheim\" \/>\n<meta name=\"twitter:card\" content=\"summary_large_image\" \/>\n<meta name=\"twitter:label1\" content=\"Written by\" \/>\n\t<meta name=\"twitter:data1\" content=\"Mats Wernheim\" \/>\n\t<meta name=\"twitter:label2\" content=\"Estimated reading time\" \/>\n\t<meta name=\"twitter:data2\" content=\"4 minutes\" \/>\n<script type=\"application\/ld+json\" class=\"yoast-schema-graph\">{\"@context\":\"https:\\\/\\\/schema.org\",\"@graph\":[{\"@type\":\"Article\",\"@id\":\"https:\\\/\\\/mentalfestivalen.se\\\/galet-inte-okej-harresande\\\/#article\",\"isPartOf\":{\"@id\":\"https:\\\/\\\/mentalfestivalen.se\\\/galet-inte-okej-harresande\\\/\"},\"author\":{\"name\":\"Mats Wernheim\",\"@id\":\"https:\\\/\\\/mentalfestivalen.se\\\/#\\\/schema\\\/person\\\/fd3aa9db8400922d5c75a9dc444153ba\"},\"headline\":\"Galet. Inte okej. H\u00e5rresande.\",\"datePublished\":\"2020-03-17T08:33:57+00:00\",\"dateModified\":\"2022-03-10T10:05:25+00:00\",\"mainEntityOfPage\":{\"@id\":\"https:\\\/\\\/mentalfestivalen.se\\\/galet-inte-okej-harresande\\\/\"},\"wordCount\":732,\"commentCount\":0,\"image\":{\"@id\":\"https:\\\/\\\/mentalfestivalen.se\\\/galet-inte-okej-harresande\\\/#primaryimage\"},\"thumbnailUrl\":\"https:\\\/\\\/mentalfestivalen.se\\\/wp-content\\\/uploads\\\/2020\\\/03\\\/eye-for-ebony-OExQjtxbIpE-unsplash-scaled.jpg\",\"articleSection\":[\"G\u00e4stbloggare\"],\"inLanguage\":\"en-GB\",\"potentialAction\":[{\"@type\":\"CommentAction\",\"name\":\"Comment\",\"target\":[\"https:\\\/\\\/mentalfestivalen.se\\\/galet-inte-okej-harresande\\\/#respond\"]}]},{\"@type\":\"WebPage\",\"@id\":\"https:\\\/\\\/mentalfestivalen.se\\\/galet-inte-okej-harresande\\\/\",\"url\":\"https:\\\/\\\/mentalfestivalen.se\\\/galet-inte-okej-harresande\\\/\",\"name\":\"Galet. Inte okej. H\u00e5rresande. - Mentalfestivalen\",\"isPartOf\":{\"@id\":\"https:\\\/\\\/mentalfestivalen.se\\\/#website\"},\"primaryImageOfPage\":{\"@id\":\"https:\\\/\\\/mentalfestivalen.se\\\/galet-inte-okej-harresande\\\/#primaryimage\"},\"image\":{\"@id\":\"https:\\\/\\\/mentalfestivalen.se\\\/galet-inte-okej-harresande\\\/#primaryimage\"},\"thumbnailUrl\":\"https:\\\/\\\/mentalfestivalen.se\\\/wp-content\\\/uploads\\\/2020\\\/03\\\/eye-for-ebony-OExQjtxbIpE-unsplash-scaled.jpg\",\"datePublished\":\"2020-03-17T08:33:57+00:00\",\"dateModified\":\"2022-03-10T10:05:25+00:00\",\"author\":{\"@id\":\"https:\\\/\\\/mentalfestivalen.se\\\/#\\\/schema\\\/person\\\/fd3aa9db8400922d5c75a9dc444153ba\"},\"breadcrumb\":{\"@id\":\"https:\\\/\\\/mentalfestivalen.se\\\/galet-inte-okej-harresande\\\/#breadcrumb\"},\"inLanguage\":\"en-GB\",\"potentialAction\":[{\"@type\":\"ReadAction\",\"target\":[\"https:\\\/\\\/mentalfestivalen.se\\\/galet-inte-okej-harresande\\\/\"]}]},{\"@type\":\"ImageObject\",\"inLanguage\":\"en-GB\",\"@id\":\"https:\\\/\\\/mentalfestivalen.se\\\/galet-inte-okej-harresande\\\/#primaryimage\",\"url\":\"https:\\\/\\\/mentalfestivalen.se\\\/wp-content\\\/uploads\\\/2020\\\/03\\\/eye-for-ebony-OExQjtxbIpE-unsplash-scaled.jpg\",\"contentUrl\":\"https:\\\/\\\/mentalfestivalen.se\\\/wp-content\\\/uploads\\\/2020\\\/03\\\/eye-for-ebony-OExQjtxbIpE-unsplash-scaled.jpg\",\"width\":2560,\"height\":1705},{\"@type\":\"BreadcrumbList\",\"@id\":\"https:\\\/\\\/mentalfestivalen.se\\\/galet-inte-okej-harresande\\\/#breadcrumb\",\"itemListElement\":[{\"@type\":\"ListItem\",\"position\":1,\"name\":\"Hem\",\"item\":\"https:\\\/\\\/mentalfestivalen.se\\\/\"},{\"@type\":\"ListItem\",\"position\":2,\"name\":\"Galet. Inte okej. H\u00e5rresande.\"}]},{\"@type\":\"WebSite\",\"@id\":\"https:\\\/\\\/mentalfestivalen.se\\\/#website\",\"url\":\"https:\\\/\\\/mentalfestivalen.se\\\/\",\"name\":\"Mentalfestivalen\",\"description\":\"Mentalfestivalen\",\"potentialAction\":[{\"@type\":\"SearchAction\",\"target\":{\"@type\":\"EntryPoint\",\"urlTemplate\":\"https:\\\/\\\/mentalfestivalen.se\\\/?s={search_term_string}\"},\"query-input\":{\"@type\":\"PropertyValueSpecification\",\"valueRequired\":true,\"valueName\":\"search_term_string\"}}],\"inLanguage\":\"en-GB\"},{\"@type\":\"Person\",\"@id\":\"https:\\\/\\\/mentalfestivalen.se\\\/#\\\/schema\\\/person\\\/fd3aa9db8400922d5c75a9dc444153ba\",\"name\":\"Mats Wernheim\",\"image\":{\"@type\":\"ImageObject\",\"inLanguage\":\"en-GB\",\"@id\":\"https:\\\/\\\/secure.gravatar.com\\\/avatar\\\/9109ed7993734bce8a4fd7ce45fd76ee8608790e024ae80ea4a7ddd09e3af807?s=96&d=mm&r=g\",\"url\":\"https:\\\/\\\/secure.gravatar.com\\\/avatar\\\/9109ed7993734bce8a4fd7ce45fd76ee8608790e024ae80ea4a7ddd09e3af807?s=96&d=mm&r=g\",\"contentUrl\":\"https:\\\/\\\/secure.gravatar.com\\\/avatar\\\/9109ed7993734bce8a4fd7ce45fd76ee8608790e024ae80ea4a7ddd09e3af807?s=96&d=mm&r=g\",\"caption\":\"Mats Wernheim\"},\"url\":\"https:\\\/\\\/mentalfestivalen.se\\\/en\\\/author\\\/mats-wernheimvile-se\\\/\"}]}<\/script>\n<!-- \/ Yoast SEO plugin. -->","yoast_head_json":{"title":"Galet. Inte okej. H\u00e5rresande. - Mentalfestivalen","robots":{"index":"index","follow":"follow","max-snippet":"max-snippet:-1","max-image-preview":"max-image-preview:large","max-video-preview":"max-video-preview:-1"},"canonical":"https:\/\/mentalfestivalen.se\/en\/galet-inte-okej-harresande\/","og_locale":"en_GB","og_type":"article","og_title":"Galet. Inte okej. H\u00e5rresande. - Mentalfestivalen","og_description":"Visste du att 6 av 10 arbetsl\u00f6sa kommer fr\u00e5n ett utomeuropeiskt land? eller att arbetsl\u00f6sheten bland kvinnor f\u00f6dda utanf\u00f6r Europa \u00e4r drygt 30 procent? bara 40 procent av utrikesf\u00f6dda kvinnor har arbete efter sju \u00e5r i Sverige?","og_url":"https:\/\/mentalfestivalen.se\/en\/galet-inte-okej-harresande\/","og_site_name":"Mentalfestivalen","article_published_time":"2020-03-17T08:33:57+00:00","article_modified_time":"2022-03-10T10:05:25+00:00","og_image":[{"width":2560,"height":1705,"url":"https:\/\/mentalfestivalen.se\/wp-content\/uploads\/2020\/03\/eye-for-ebony-OExQjtxbIpE-unsplash-scaled.jpg","type":"image\/jpeg"}],"author":"Mats Wernheim","twitter_card":"summary_large_image","twitter_misc":{"Written by":"Mats Wernheim","Estimated reading time":"4 minutes"},"schema":{"@context":"https:\/\/schema.org","@graph":[{"@type":"Article","@id":"https:\/\/mentalfestivalen.se\/galet-inte-okej-harresande\/#article","isPartOf":{"@id":"https:\/\/mentalfestivalen.se\/galet-inte-okej-harresande\/"},"author":{"name":"Mats Wernheim","@id":"https:\/\/mentalfestivalen.se\/#\/schema\/person\/fd3aa9db8400922d5c75a9dc444153ba"},"headline":"Galet. Inte okej. H\u00e5rresande.","datePublished":"2020-03-17T08:33:57+00:00","dateModified":"2022-03-10T10:05:25+00:00","mainEntityOfPage":{"@id":"https:\/\/mentalfestivalen.se\/galet-inte-okej-harresande\/"},"wordCount":732,"commentCount":0,"image":{"@id":"https:\/\/mentalfestivalen.se\/galet-inte-okej-harresande\/#primaryimage"},"thumbnailUrl":"https:\/\/mentalfestivalen.se\/wp-content\/uploads\/2020\/03\/eye-for-ebony-OExQjtxbIpE-unsplash-scaled.jpg","articleSection":["G\u00e4stbloggare"],"inLanguage":"en-GB","potentialAction":[{"@type":"CommentAction","name":"Comment","target":["https:\/\/mentalfestivalen.se\/galet-inte-okej-harresande\/#respond"]}]},{"@type":"WebPage","@id":"https:\/\/mentalfestivalen.se\/galet-inte-okej-harresande\/","url":"https:\/\/mentalfestivalen.se\/galet-inte-okej-harresande\/","name":"Galet. Inte okej. H\u00e5rresande. - Mentalfestivalen","isPartOf":{"@id":"https:\/\/mentalfestivalen.se\/#website"},"primaryImageOfPage":{"@id":"https:\/\/mentalfestivalen.se\/galet-inte-okej-harresande\/#primaryimage"},"image":{"@id":"https:\/\/mentalfestivalen.se\/galet-inte-okej-harresande\/#primaryimage"},"thumbnailUrl":"https:\/\/mentalfestivalen.se\/wp-content\/uploads\/2020\/03\/eye-for-ebony-OExQjtxbIpE-unsplash-scaled.jpg","datePublished":"2020-03-17T08:33:57+00:00","dateModified":"2022-03-10T10:05:25+00:00","author":{"@id":"https:\/\/mentalfestivalen.se\/#\/schema\/person\/fd3aa9db8400922d5c75a9dc444153ba"},"breadcrumb":{"@id":"https:\/\/mentalfestivalen.se\/galet-inte-okej-harresande\/#breadcrumb"},"inLanguage":"en-GB","potentialAction":[{"@type":"ReadAction","target":["https:\/\/mentalfestivalen.se\/galet-inte-okej-harresande\/"]}]},{"@type":"ImageObject","inLanguage":"en-GB","@id":"https:\/\/mentalfestivalen.se\/galet-inte-okej-harresande\/#primaryimage","url":"https:\/\/mentalfestivalen.se\/wp-content\/uploads\/2020\/03\/eye-for-ebony-OExQjtxbIpE-unsplash-scaled.jpg","contentUrl":"https:\/\/mentalfestivalen.se\/wp-content\/uploads\/2020\/03\/eye-for-ebony-OExQjtxbIpE-unsplash-scaled.jpg","width":2560,"height":1705},{"@type":"BreadcrumbList","@id":"https:\/\/mentalfestivalen.se\/galet-inte-okej-harresande\/#breadcrumb","itemListElement":[{"@type":"ListItem","position":1,"name":"Hem","item":"https:\/\/mentalfestivalen.se\/"},{"@type":"ListItem","position":2,"name":"Galet. Inte okej. H\u00e5rresande."}]},{"@type":"WebSite","@id":"https:\/\/mentalfestivalen.se\/#website","url":"https:\/\/mentalfestivalen.se\/","name":"Mentalfestivalen","description":"Mentalfestivalen","potentialAction":[{"@type":"SearchAction","target":{"@type":"EntryPoint","urlTemplate":"https:\/\/mentalfestivalen.se\/?s={search_term_string}"},"query-input":{"@type":"PropertyValueSpecification","valueRequired":true,"valueName":"search_term_string"}}],"inLanguage":"en-GB"},{"@type":"Person","@id":"https:\/\/mentalfestivalen.se\/#\/schema\/person\/fd3aa9db8400922d5c75a9dc444153ba","name":"Mats Wernheim","image":{"@type":"ImageObject","inLanguage":"en-GB","@id":"https:\/\/secure.gravatar.com\/avatar\/9109ed7993734bce8a4fd7ce45fd76ee8608790e024ae80ea4a7ddd09e3af807?s=96&d=mm&r=g","url":"https:\/\/secure.gravatar.com\/avatar\/9109ed7993734bce8a4fd7ce45fd76ee8608790e024ae80ea4a7ddd09e3af807?s=96&d=mm&r=g","contentUrl":"https:\/\/secure.gravatar.com\/avatar\/9109ed7993734bce8a4fd7ce45fd76ee8608790e024ae80ea4a7ddd09e3af807?s=96&d=mm&r=g","caption":"Mats Wernheim"},"url":"https:\/\/mentalfestivalen.se\/en\/author\/mats-wernheimvile-se\/"}]}},"_links":{"self":[{"href":"https:\/\/mentalfestivalen.se\/en\/wp-json\/wp\/v2\/posts\/1215","targetHints":{"allow":["GET"]}}],"collection":[{"href":"https:\/\/mentalfestivalen.se\/en\/wp-json\/wp\/v2\/posts"}],"about":[{"href":"https:\/\/mentalfestivalen.se\/en\/wp-json\/wp\/v2\/types\/post"}],"author":[{"embeddable":true,"href":"https:\/\/mentalfestivalen.se\/en\/wp-json\/wp\/v2\/users\/8"}],"replies":[{"embeddable":true,"href":"https:\/\/mentalfestivalen.se\/en\/wp-json\/wp\/v2\/comments?post=1215"}],"version-history":[{"count":0,"href":"https:\/\/mentalfestivalen.se\/en\/wp-json\/wp\/v2\/posts\/1215\/revisions"}],"wp:featuredmedia":[{"embeddable":true,"href":"https:\/\/mentalfestivalen.se\/en\/wp-json\/wp\/v2\/media\/1222"}],"wp:attachment":[{"href":"https:\/\/mentalfestivalen.se\/en\/wp-json\/wp\/v2\/media?parent=1215"}],"wp:term":[{"taxonomy":"category","embeddable":true,"href":"https:\/\/mentalfestivalen.se\/en\/wp-json\/wp\/v2\/categories?post=1215"},{"taxonomy":"post_tag","embeddable":true,"href":"https:\/\/mentalfestivalen.se\/en\/wp-json\/wp\/v2\/tags?post=1215"}],"curies":[{"name":"wp","href":"https:\/\/api.w.org\/{rel}","templated":true}]}}